{"id":280486,"date":"2024-02-05T16:24:58","date_gmt":"2024-02-05T19:24:58","guid":{"rendered":"https:\/\/www.caririemacao.com\/1\/?p=280486"},"modified":"2024-02-05T16:25:13","modified_gmt":"2024-02-05T19:25:13","slug":"apos-video-polemico-major-tavares-afirma-que-pm-agiu-diante-de-comportamento-agressivo-de-jovens-em-sume","status":"publish","type":"post","link":"https:\/\/www.caririemacao.com\/1\/2024\/02\/05\/apos-video-polemico-major-tavares-afirma-que-pm-agiu-diante-de-comportamento-agressivo-de-jovens-em-sume\/","title":{"rendered":"Ap\u00f3s v\u00eddeo pol\u00eamico, Major Tavares afirma que PM agiu diante de comportamento agressivo de jovens em Sum\u00e9"},"content":{"rendered":"<p style=\"font-weight: 400;\">No \u00faltimo domingo (04), o major Tavares, subcomandante do 11\u00b0 Batalh\u00e3o da Pol\u00edcia Militar, relatou uma ocorr\u00eancia em Sum\u00e9, no Cariri paraibano, durante as festividades carnavalescas.<\/p>\n<p style=\"font-weight: 400;\">A a\u00e7\u00e3o da PM foi desencadeada ap\u00f3s a averigua\u00e7\u00e3o de dois jovens, um do sexo masculino e uma do sexo feminino, que estavam praticando dire\u00e7\u00e3o perigosa e causando tumulto em uma motocicleta, seguindo um trio do bloco que estava em deslocamento.<\/p>\n<p style=\"font-weight: 400;\">O major Tavares informou que a abordagem ocorreu quando os jovens pararam, e os policiais foram at\u00e9 eles sendo recebidos com palavras de baixo cal\u00e3o. Diante do ambiente hostil, a guarni\u00e7\u00e3o deu voz de pris\u00e3o aos jovens, que foram conduzidos \u00e0 delegacia posteriormente.<\/p>\n<p style=\"font-weight: 400;\">No decorrer da pris\u00e3o, um dos jovens reagiu, exigindo o uso da for\u00e7a por parte dos policiais para imobiliz\u00e1-lo e algem\u00e1-lo. A jovem tamb\u00e9m reagiu \u00e0 pris\u00e3o, chegando a agredir um Policial Militar antes de ser imobilizada. Os detidos foram encaminhados \u00e0 delegacia, onde o jovem foi autuado por desacato, pagou fian\u00e7a e foi liberado. A jovem, por sua vez, foi autuada por desacato, resist\u00eancia \u00e0 pris\u00e3o e les\u00e3o corporal, permanecendo detida.<\/p>\n<p style=\"font-weight: 400;\">Ao chegar na delegacia, a irm\u00e3 do jovem preso, tamb\u00e9m agiu de forma agressiva, desacatando os policiais, resultando em sua pris\u00e3o e autua\u00e7\u00e3o por desacato.<\/p>\n<p style=\"font-weight: 400;\">A motocicleta utilizada pelos jovens foi apreendida e constatou-se que estava totalmente adulterada. Al\u00e9m disso, o jovem se recusou a realizar o teste do baf\u00f4metro.<\/p>\n<p style=\"font-weight: 400;\">O Major Tavares anunciou que a PM abrir\u00e1 uma sindic\u00e2ncia para apurar os procedimentos adotados durante a abordagem.<\/p>\n<p><strong>CARIRI EM A\u00c7\u00c3O<\/strong><\/p>\n<p>Com Blog do F\u00e1bio Brito<\/p>\n","protected":false},"excerpt":{"rendered":"<p>No \u00faltimo domingo (04), o major Tavares, subcomandante do 11\u00b0 Batalh\u00e3o da Pol\u00edcia Militar, relatou uma ocorr\u00eancia em Sum\u00e9, no Cariri paraibano, durante as festividades&hellip; <\/p>\n","protected":false},"author":6,"featured_media":280487,"comment_status":"closed","ping_status":"closed","sticky":false,"template":"","format":"standard","meta":{"sfsi_plus_gutenberg_text_before_share":"","sfsi_plus_gutenberg_show_text_before_share":"","sfsi_plus_gutenberg_icon_type":"","sfsi_plus_gutenberg_icon_alignemt":"","sfsi_plus_gutenburg_max_per_row":"","footnotes":""},"categories":[106,50],"tags":[],"class_list":["post-280486","post","type-post","status-publish","format-standard","has-post-thumbnail","hentry","category-cariri","category-destaque"],"_links":{"self":[{"href":"https:\/\/www.caririemacao.com\/1\/wp-json\/wp\/v2\/posts\/280486","targetHints":{"allow":["GET"]}}],"collection":[{"href":"https:\/\/www.caririemacao.com\/1\/wp-json\/wp\/v2\/posts"}],"about":[{"href":"https:\/\/www.caririemacao.com\/1\/wp-json\/wp\/v2\/types\/post"}],"author":[{"embeddable":true,"href":"https:\/\/www.caririemacao.com\/1\/wp-json\/wp\/v2\/users\/6"}],"replies":[{"embeddable":true,"href":"https:\/\/www.caririemacao.com\/1\/wp-json\/wp\/v2\/comments?post=280486"}],"version-history":[{"count":2,"href":"https:\/\/www.caririemacao.com\/1\/wp-json\/wp\/v2\/posts\/280486\/revisions"}],"predecessor-version":[{"id":280489,"href":"https:\/\/www.caririemacao.com\/1\/wp-json\/wp\/v2\/posts\/280486\/revisions\/280489"}],"wp:featuredmedia":[{"embeddable":true,"href":"https:\/\/www.caririemacao.com\/1\/wp-json\/wp\/v2\/media\/280487"}],"wp:attachment":[{"href":"https:\/\/www.caririemacao.com\/1\/wp-json\/wp\/v2\/media?parent=280486"}],"wp:term":[{"taxonomy":"category","embeddable":true,"href":"https:\/\/www.caririemacao.com\/1\/wp-json\/wp\/v2\/categories?post=280486"},{"taxonomy":"post_tag","embeddable":true,"href":"https:\/\/www.caririemacao.com\/1\/wp-json\/wp\/v2\/tags?post=280486"}],"curies":[{"name":"wp","href":"https:\/\/api.w.org\/{rel}","templated":true}]}}