{"id":280490,"date":"2024-02-05T19:52:22","date_gmt":"2024-02-05T22:52:22","guid":{"rendered":"https:\/\/www.caririemacao.com\/1\/?p=280490"},"modified":"2024-02-05T19:52:22","modified_gmt":"2024-02-05T22:52:22","slug":"denuncia-de-hackeamento-e-difamacao-nas-redes-sociais-abala-familia-no-cariri-e-pm-e-acionada","status":"publish","type":"post","link":"https:\/\/www.caririemacao.com\/1\/2024\/02\/05\/denuncia-de-hackeamento-e-difamacao-nas-redes-sociais-abala-familia-no-cariri-e-pm-e-acionada\/","title":{"rendered":"Den\u00fancia de hackeamento e difama\u00e7\u00e3o nas redes sociais abala fam\u00edlia no Cariri e PM \u00e9 acionada"},"content":{"rendered":"<div class=\"flex-1 overflow-hidden\">\n<div class=\"react-scroll-to-bottom--css-lahjs-79elbk h-full\">\n<div class=\"react-scroll-to-bottom--css-lahjs-1n7m0yu\">\n<div class=\"flex flex-col pb-9 text-sm\">\n<div class=\"w-full text-token-text-primary\" data-testid=\"conversation-turn-1473\">\n<div class=\"px-4 py-2 justify-center text-base md:gap-6 m-auto\">\n<div class=\"flex flex-1 text-base mx-auto gap-3 md:px-5 lg:px-1 xl:px-5 md:max-w-3xl lg:max-w-[40rem] xl:max-w-[48rem] group final-completion\">\n<div class=\"relative flex w-full flex-col lg:w-[calc(100%-115px)] agent-turn\">\n<div class=\"flex-col gap-1 md:gap-3\">\n<div class=\"flex flex-grow flex-col max-w-full\">\n<div class=\"min-h-[20px] text-message flex flex-col items-start gap-3 whitespace-pre-wrap break-words [.text-message+&amp;]:mt-5 overflow-x-auto\" data-message-author-role=\"assistant\" data-message-id=\"1bcb5d76-0a77-47a0-a51a-b17fa98bc0eb\">\n<div class=\"markdown prose w-full break-words dark:prose-invert light\">\n<p>Uma fam\u00edlia na regi\u00e3o do Cariri paraibano est\u00e1 enfrentando momentos dif\u00edceis ap\u00f3s o hackeamento da conta do Facebook da esposa de um dos funcion\u00e1rios da empresa da fam\u00edlia. O caso tomou propor\u00e7\u00f5es mais graves com a dissemina\u00e7\u00e3o de informa\u00e7\u00f5es difamat\u00f3rias nas redes sociais, atingindo n\u00e3o s\u00f3 o empres\u00e1rio, mas tamb\u00e9m seu sogro, uma pessoa idosa.<\/p>\n<p>Em entrevista \u00e0 equipe do Cariri em A\u00e7\u00e3o, uma das v\u00edtimas, que preferiu n\u00e3o se identificar, expressou a afli\u00e7\u00e3o que a fam\u00edlia est\u00e1 enfrentando diante dessa situa\u00e7\u00e3o. Segundo ele, al\u00e9m das medidas cab\u00edveis j\u00e1 estarem sendo tomadas, a pol\u00edcia est\u00e1 investigando o caso e acredita que em breve a verdade vir\u00e1 \u00e0 tona.<\/p>\n<p>&#8220;A fam\u00edlia j\u00e1 est\u00e1 tomando as atitudes cab\u00edveis, logo, logo a pol\u00edcia est\u00e1 elucidando o caso. V\u00e3o ter que pagar por tudo o que est\u00e3o fazendo com a nossa fam\u00edlia, com a justi\u00e7a&#8221;, afirmou a v\u00edtima.<\/p>\n<p>O hackeamento de contas em redes sociais e a dissemina\u00e7\u00e3o de informa\u00e7\u00f5es falsas s\u00e3o crimes s\u00e9rios que podem causar danos significativos \u00e0 reputa\u00e7\u00e3o e \u00e0 vida pessoal das v\u00edtimas. A fam\u00edlia, abalada com a situa\u00e7\u00e3o, espera que a justi\u00e7a seja feita e que os respons\u00e1veis por esses atos sejam identificados e punidos de acordo com a lei.<\/p>\n<p>A Pol\u00edcia est\u00e1 conduzindo as investiga\u00e7\u00f5es para esclarecer os fatos e trazer uma solu\u00e7\u00e3o justa para a fam\u00edlia afetada.<\/p>\n<\/div>\n<\/div>\n<\/div>\n<\/div>\n<div class=\"absolute\">\n<div class=\"flex w-full gap-2 items-center justify-center\"><\/div>\n<\/div>\n<\/div>\n<\/div>\n<\/div>\n<\/div>\n<\/div>\n<\/div>\n<\/div>\n<\/div>\n<div class=\"w-full pt-2 md:pt-0 dark:border-white\/20 md:border-transparent md:dark:border-transparent md:w-[calc(100%-.5rem)]\">\n<form class=\"stretch mx-2 flex flex-row gap-3 last:mb-2 md:mx-4 md:last:mb-6 lg:mx-auto lg:max-w-2xl xl:max-w-3xl\">\n<div class=\"relative flex h-full flex-1 items-stretch md:flex-col\">\n<div class=\"flex w-full items-center\"><strong>CARIRI EM A\u00c7\u00c3O<\/strong><\/div>\n<\/div>\n<\/form>\n<\/div>\n","protected":false},"excerpt":{"rendered":"<p>Uma fam\u00edlia na regi\u00e3o do Cariri paraibano est\u00e1 enfrentando momentos dif\u00edceis ap\u00f3s o hackeamento da conta do Facebook da esposa de um dos funcion\u00e1rios da&hellip; <\/p>\n","protected":false},"author":6,"featured_media":280494,"comment_status":"closed","ping_status":"closed","sticky":false,"template":"","format":"standard","meta":{"sfsi_plus_gutenberg_text_before_share":"","sfsi_plus_gutenberg_show_text_before_share":"","sfsi_plus_gutenberg_icon_type":"","sfsi_plus_gutenberg_icon_alignemt":"","sfsi_plus_gutenburg_max_per_row":"","footnotes":""},"categories":[106,50],"tags":[],"class_list":["post-280490","post","type-post","status-publish","format-standard","has-post-thumbnail","hentry","category-cariri","category-destaque"],"_links":{"self":[{"href":"https:\/\/www.caririemacao.com\/1\/wp-json\/wp\/v2\/posts\/280490","targetHints":{"allow":["GET"]}}],"collection":[{"href":"https:\/\/www.caririemacao.com\/1\/wp-json\/wp\/v2\/posts"}],"about":[{"href":"https:\/\/www.caririemacao.com\/1\/wp-json\/wp\/v2\/types\/post"}],"author":[{"embeddable":true,"href":"https:\/\/www.caririemacao.com\/1\/wp-json\/wp\/v2\/users\/6"}],"replies":[{"embeddable":true,"href":"https:\/\/www.caririemacao.com\/1\/wp-json\/wp\/v2\/comments?post=280490"}],"version-history":[{"count":1,"href":"https:\/\/www.caririemacao.com\/1\/wp-json\/wp\/v2\/posts\/280490\/revisions"}],"predecessor-version":[{"id":280495,"href":"https:\/\/www.caririemacao.com\/1\/wp-json\/wp\/v2\/posts\/280490\/revisions\/280495"}],"wp:featuredmedia":[{"embeddable":true,"href":"https:\/\/www.caririemacao.com\/1\/wp-json\/wp\/v2\/media\/280494"}],"wp:attachment":[{"href":"https:\/\/www.caririemacao.com\/1\/wp-json\/wp\/v2\/media?parent=280490"}],"wp:term":[{"taxonomy":"category","embeddable":true,"href":"https:\/\/www.caririemacao.com\/1\/wp-json\/wp\/v2\/categories?post=280490"},{"taxonomy":"post_tag","embeddable":true,"href":"https:\/\/www.caririemacao.com\/1\/wp-json\/wp\/v2\/tags?post=280490"}],"curies":[{"name":"wp","href":"https:\/\/api.w.org\/{rel}","templated":true}]}}