{"id":280498,"date":"2024-02-06T08:58:19","date_gmt":"2024-02-06T11:58:19","guid":{"rendered":"https:\/\/www.caririemacao.com\/1\/?p=280498"},"modified":"2024-02-06T08:58:19","modified_gmt":"2024-02-06T11:58:19","slug":"lula-se-reune-com-diretor-geral-da-oms-para-discutir-aumento-de-casos-de-dengue","status":"publish","type":"post","link":"https:\/\/www.caririemacao.com\/1\/2024\/02\/06\/lula-se-reune-com-diretor-geral-da-oms-para-discutir-aumento-de-casos-de-dengue\/","title":{"rendered":"Lula se re\u00fane com diretor-geral da OMS para discutir aumento de casos de dengue"},"content":{"rendered":"<div class=\"subtitulo mb-3\"><em><strong>Na pr\u00f3xima quarta-feira (7), o diretor-geral da OMS participar\u00e1, com a ministra N\u00edsia Trindade, do lan\u00e7amento de um programa nacional de combate a essas doen\u00e7as.<\/strong><\/em><\/div>\n<div><\/div>\n<div>\n<p>O presidente Luiz In\u00e1cio Lula da Silva e o diretor-geral da Organiza\u00e7\u00e3o Mundial da Sa\u00fade (OMS), Tedros Adhanom, conversaram ontem segunda-feira (5), em reuni\u00e3o no Pal\u00e1cio do Planalto, sobre parcerias para a elimina\u00e7\u00e3o de doen\u00e7as e produ\u00e7\u00e3o de vacinas brasileiras contra a dengue. A presid\u00eancia brasileira do G20, que criou um grupo de trabalho de sa\u00fade, tamb\u00e9m foi assunto do encontro. A ministra da Sa\u00fade, N\u00edsia Trindade, participou da reuni\u00e3o.<img decoding=\"async\" data-src=\"https:\/\/agenciabrasil.ebc.com.br\/ebc.png?id=1579549&amp;o=node\" src=\"data:image\/svg+xml;base64,PHN2ZyB3aWR0aD0iMSIgaGVpZ2h0PSIxIiB4bWxucz0iaHR0cDovL3d3dy53My5vcmcvMjAwMC9zdmciPjwvc3ZnPg==\" class=\"lazyload\" \/><img decoding=\"async\" data-src=\"https:\/\/agenciabrasil.ebc.com.br\/ebc.gif?id=1579549&amp;o=node\" src=\"data:image\/svg+xml;base64,PHN2ZyB3aWR0aD0iMSIgaGVpZ2h0PSIxIiB4bWxucz0iaHR0cDovL3d3dy53My5vcmcvMjAwMC9zdmciPjwvc3ZnPg==\" class=\"lazyload\" \/><\/p>\n<p>De acordo com informa\u00e7\u00f5es do Pal\u00e1cio do Planalto, que n\u00e3o deu detalhes sobre iniciativas em curso, Adhanom afirmou que o Brasil pode ser um fornecedor do imunizante contra a dengue, por meio do Instituto Butantan e da Funda\u00e7\u00e3o Oswaldo Cruz (Fiocruz). Atualmente, a \u00fanica vacina dispon\u00edvel no Sistema \u00danico de Sa\u00fade (SUS), incorporada no ano passado, \u00e9 a Qdenga, produzida pelo laborat\u00f3rio japon\u00eas Takeda.<\/p>\n<p>Tedros Adhanom tamb\u00e9m afirmou, segundo o governo, que a OMS pretende dar todo o apoio poss\u00edvel ao Brasil na elimina\u00e7\u00e3o de doen\u00e7as como a tuberculose, a hansen\u00edase, a doen\u00e7a de Chagas e doen\u00e7as transmitidas de m\u00e3e para filho, como o HIV. S\u00e3o exemplos das chamadas doen\u00e7as determinadas socialmente.<\/p>\n<p>Na pr\u00f3xima quarta-feira (7), o diretor-geral da OMS participar\u00e1, com a ministra N\u00edsia Trindade, do lan\u00e7amento de um programa nacional de combate a essas doen\u00e7as.<\/p>\n<h2 id=\"h-g20\" class=\"wp-block-heading\">G20<\/h2>\n<p>O diretor-geral da OMS e o presidente Lula ainda conversaram sobre a presid\u00eancia do G20, que conta com um grupo de trabalho de sa\u00fade. Tamb\u00e9m falaram sobre a conclus\u00e3o dos trabalhos do \u00d3rg\u00e3o de Negocia\u00e7\u00e3o Intergovernamental na elabora\u00e7\u00e3o e negocia\u00e7\u00e3o de instrumento internacional para preven\u00e7\u00e3o, preparo e resposta a pandemias. Nesse \u00f3rg\u00e3o, o Brasil atua como representante das Am\u00e9ricas no grupo respons\u00e1vel pela coordena\u00e7\u00e3o dos trabalhos.<\/p>\n<p>Em nota, o Pal\u00e1cio do Planalto destacou que Adhanom agradeceu o apoio do presidente Lula e pediu que o G20 possa pautar a discuss\u00e3o sobre o financiamento da sa\u00fade. Lula ressaltou que considera necess\u00e1rio haver uma melhor pol\u00edtica tribut\u00e1ria, que possa ampliar o financiamento do setor.<\/p>\n<p>FONTE: Portal Correio<\/p>\n<\/div>\n","protected":false},"excerpt":{"rendered":"<p>Na pr\u00f3xima quarta-feira (7), o diretor-geral da OMS participar\u00e1, com a ministra N\u00edsia Trindade, do lan\u00e7amento de um programa nacional de combate a essas doen\u00e7as.&hellip; <\/p>\n","protected":false},"author":6,"featured_media":280499,"comment_status":"closed","ping_status":"closed","sticky":false,"template":"","format":"standard","meta":{"sfsi_plus_gutenberg_text_before_share":"","sfsi_plus_gutenberg_show_text_before_share":"","sfsi_plus_gutenberg_icon_type":"","sfsi_plus_gutenberg_icon_alignemt":"","sfsi_plus_gutenburg_max_per_row":"","footnotes":""},"categories":[50],"tags":[],"class_list":["post-280498","post","type-post","status-publish","format-standard","has-post-thumbnail","hentry","category-destaque"],"_links":{"self":[{"href":"https:\/\/www.caririemacao.com\/1\/wp-json\/wp\/v2\/posts\/280498","targetHints":{"allow":["GET"]}}],"collection":[{"href":"https:\/\/www.caririemacao.com\/1\/wp-json\/wp\/v2\/posts"}],"about":[{"href":"https:\/\/www.caririemacao.com\/1\/wp-json\/wp\/v2\/types\/post"}],"author":[{"embeddable":true,"href":"https:\/\/www.caririemacao.com\/1\/wp-json\/wp\/v2\/users\/6"}],"replies":[{"embeddable":true,"href":"https:\/\/www.caririemacao.com\/1\/wp-json\/wp\/v2\/comments?post=280498"}],"version-history":[{"count":1,"href":"https:\/\/www.caririemacao.com\/1\/wp-json\/wp\/v2\/posts\/280498\/revisions"}],"predecessor-version":[{"id":280500,"href":"https:\/\/www.caririemacao.com\/1\/wp-json\/wp\/v2\/posts\/280498\/revisions\/280500"}],"wp:featuredmedia":[{"embeddable":true,"href":"https:\/\/www.caririemacao.com\/1\/wp-json\/wp\/v2\/media\/280499"}],"wp:attachment":[{"href":"https:\/\/www.caririemacao.com\/1\/wp-json\/wp\/v2\/media?parent=280498"}],"wp:term":[{"taxonomy":"category","embeddable":true,"href":"https:\/\/www.caririemacao.com\/1\/wp-json\/wp\/v2\/categories?post=280498"},{"taxonomy":"post_tag","embeddable":true,"href":"https:\/\/www.caririemacao.com\/1\/wp-json\/wp\/v2\/tags?post=280498"}],"curies":[{"name":"wp","href":"https:\/\/api.w.org\/{rel}","templated":true}]}}