{"id":280501,"date":"2024-02-06T08:59:54","date_gmt":"2024-02-06T11:59:54","guid":{"rendered":"https:\/\/www.caririemacao.com\/1\/?p=280501"},"modified":"2024-02-06T08:59:54","modified_gmt":"2024-02-06T11:59:54","slug":"323-milhoes-de-brasileiros-nao-completaram-o-esquema-primario-de-vacinacao-contra-a-covid-19","status":"publish","type":"post","link":"https:\/\/www.caririemacao.com\/1\/2024\/02\/06\/323-milhoes-de-brasileiros-nao-completaram-o-esquema-primario-de-vacinacao-contra-a-covid-19\/","title":{"rendered":"32,3 milh\u00f5es de brasileiros n\u00e3o completaram o esquema prim\u00e1rio de vacina\u00e7\u00e3o contra a Covid-19"},"content":{"rendered":"<div class=\"subtitulo mb-3\"><em><strong>N\u00famero equivale a 16,06% do p\u00fablico-alvo; imunizantes foram aprovados para qualquer pessoa acima de 6 meses de idade.<\/strong><\/em><\/div>\n<div><\/div>\n<div>\n<p>Da popula\u00e7\u00e3o apta a tomar a\u00a0vacina contra a Covid-19\u00a0no Brasil, 32,3 milh\u00f5es de pessoas n\u00e3o completaram o esquema prim\u00e1rio de imuniza\u00e7\u00e3o, composto por duas doses. Isso equivale a 16,06% do p\u00fablico-alvo, considerando que os imunizantes foram aprovados para qualquer pessoa acima de 6 meses de idade. O Brasil teve quase 710 mil mortes causadas pela doen\u00e7a e mais de 38 milh\u00f5es de casos confirmados.<\/p>\n<p>Roraima \u00e9 o estado que menos completou o esquema vacinal, com 41,49% da popula\u00e7\u00e3o sem ter tomado duas doses, segundo dados do Minist\u00e9rio da Sa\u00fade atualizados at\u00e9 ontem segunda-feira (5). Na sequ\u00eancia est\u00e3o o Maranh\u00e3o (34,15%) e o Par\u00e1 (31,9%).<\/p>\n<p>Em n\u00fameros absolutos, S\u00e3o Paulo \u00e9 o estado com menos imunizados, com quase 3,9 milh\u00f5es de pessoas sem as duas doses. Minas Gerais aparece em segundo (2,8 milh\u00f5es).<\/p>\n<p>O infectologista Werciley Junior explica que ter um n\u00famero alto de pessoas que n\u00e3o completaram a imuniza\u00e7\u00e3o torna invi\u00e1vel fazer um controle uniforme da doen\u00e7a.<\/p>\n<p>Uma popula\u00e7\u00e3o que n\u00e3o est\u00e1 plenamente vacinada pode ajudar ainda na circula\u00e7\u00e3o do v\u00edrus.<\/p>\n<h3 id=\"h-bebes-e-criancas-sao-os-menos-imunizados\" class=\"wp-block-heading\">Beb\u00eas e crian\u00e7as s\u00e3o os menos imunizados<\/h3>\n<p>De acordo com o levantamento, a faixa et\u00e1ria que menos completou o esquema de vacina\u00e7\u00e3o prim\u00e1rio foi o de beb\u00eas de 6 meses a 2 anos, com 86,5% incompletos ou sem doses, o que equivale a 5,5 milh\u00f5es. A faixa seguinte, de 3 a 4 anos, \u00e9 a segunda menos vacinada, com 77,4% das crian\u00e7as sem o esquema prim\u00e1rio de imuniza\u00e7\u00e3o.<\/p>\n<p>Com rela\u00e7\u00e3o ao grupo de 5 a 11 anos, 44,3% n\u00e3o completaram as duas doses previstas, com 8,5 milh\u00f5es de crian\u00e7as. As pessoas com 75 anos ou mais s\u00e3o as que mais completaram o esquema vacinal.<\/p>\n<p>Para o infectologista Alberto Chebabo, o risco de complica\u00e7\u00f5es de Covid-19 em crian\u00e7as n\u00e3o vacinadas de at\u00e9 5 anos \u00e9 maior por n\u00e3o terem sido expostas \u00e0 doen\u00e7a e terem uma queda mais r\u00e1pida nos n\u00edves de anticorpos.<\/p>\n<p>O mesmo vale para pessoas acima de 60 anos e, principalmente, acima de 75 anos. \u201cPara essa popula\u00e7\u00e3o, \u00e9 importante que a vacina\u00e7\u00e3o ocorra dentro do calend\u00e1rio recomendado pelo Minist\u00e9rio da Sa\u00fade\u201d, refor\u00e7a.<\/p>\n<p>FONTE: Portal Correio<\/p>\n<\/div>\n","protected":false},"excerpt":{"rendered":"<p>N\u00famero equivale a 16,06% do p\u00fablico-alvo; imunizantes foram aprovados para qualquer pessoa acima de 6 meses de idade. Da popula\u00e7\u00e3o apta a tomar a\u00a0vacina contra&hellip; <\/p>\n","protected":false},"author":6,"featured_media":280502,"comment_status":"closed","ping_status":"closed","sticky":false,"template":"","format":"standard","meta":{"sfsi_plus_gutenberg_text_before_share":"","sfsi_plus_gutenberg_show_text_before_share":"","sfsi_plus_gutenberg_icon_type":"","sfsi_plus_gutenberg_icon_alignemt":"","sfsi_plus_gutenburg_max_per_row":"","footnotes":""},"categories":[50],"tags":[],"class_list":["post-280501","post","type-post","status-publish","format-standard","has-post-thumbnail","hentry","category-destaque"],"_links":{"self":[{"href":"https:\/\/www.caririemacao.com\/1\/wp-json\/wp\/v2\/posts\/280501","targetHints":{"allow":["GET"]}}],"collection":[{"href":"https:\/\/www.caririemacao.com\/1\/wp-json\/wp\/v2\/posts"}],"about":[{"href":"https:\/\/www.caririemacao.com\/1\/wp-json\/wp\/v2\/types\/post"}],"author":[{"embeddable":true,"href":"https:\/\/www.caririemacao.com\/1\/wp-json\/wp\/v2\/users\/6"}],"replies":[{"embeddable":true,"href":"https:\/\/www.caririemacao.com\/1\/wp-json\/wp\/v2\/comments?post=280501"}],"version-history":[{"count":1,"href":"https:\/\/www.caririemacao.com\/1\/wp-json\/wp\/v2\/posts\/280501\/revisions"}],"predecessor-version":[{"id":280503,"href":"https:\/\/www.caririemacao.com\/1\/wp-json\/wp\/v2\/posts\/280501\/revisions\/280503"}],"wp:featuredmedia":[{"embeddable":true,"href":"https:\/\/www.caririemacao.com\/1\/wp-json\/wp\/v2\/media\/280502"}],"wp:attachment":[{"href":"https:\/\/www.caririemacao.com\/1\/wp-json\/wp\/v2\/media?parent=280501"}],"wp:term":[{"taxonomy":"category","embeddable":true,"href":"https:\/\/www.caririemacao.com\/1\/wp-json\/wp\/v2\/categories?post=280501"},{"taxonomy":"post_tag","embeddable":true,"href":"https:\/\/www.caririemacao.com\/1\/wp-json\/wp\/v2\/tags?post=280501"}],"curies":[{"name":"wp","href":"https:\/\/api.w.org\/{rel}","templated":true}]}}