{"id":28098,"date":"2017-09-07T23:06:29","date_gmt":"2017-09-08T02:06:29","guid":{"rendered":"http:\/\/caririemacao.com\/1\/?p=28098"},"modified":"2017-09-07T23:06:29","modified_gmt":"2017-09-08T02:06:29","slug":"um-mundo-de-cultura-e-diversidade-e-50-anos-da-juarez-maracaja-sao-temas-dos-desfiles-em-gurjao","status":"publish","type":"post","link":"https:\/\/www.caririemacao.com\/1\/2017\/09\/07\/um-mundo-de-cultura-e-diversidade-e-50-anos-da-juarez-maracaja-sao-temas-dos-desfiles-em-gurjao\/","title":{"rendered":"\u201cUm mundo de cultura e diversidade\u201d e &#8220;50 anos da Juarez Maracaj\u00e1&#8221; s\u00e3o temas dos desfiles em Gurj\u00e3o"},"content":{"rendered":"<p>As escolas estaduais e municipais de Gurj\u00e3o realizaram na tarde desta quinta-feira, dia 7 de setembro, um grande desfile c\u00edvico alusivo a Independ\u00eancia do Brasil.<\/p>\n<p>O desfile teve concentra\u00e7\u00e3o pr\u00f3ximo a sa\u00edda para Juazeirinho e contou com a presen\u00e7a de v\u00e1rias lideran\u00e7as pol\u00edticas, a exemplo do prefeito Ronaldo Queiroz, do presidente da C\u00e2mara de Vereadores, Adailson Queiroz, vereadores, secret\u00e1rios municipais e pais dos alunos dos educand\u00e1rios envolvidos no desfile.<\/p>\n<p>Durante o desfile, as escolas municipais trabalharam o tema \u201cUm mundo de cultura e diversidade\u201d.<\/p>\n<p>Vale destacar o desfile da Escola Estadual Juarez Maracaj\u00e1 que esteve comemorando 50 anos de atividade no munic\u00edpio. O desfile serviu para escola mostrar um pouco de toda sua trajet\u00f3ria durante meio s\u00e9culo de ensino.<\/p>\n<p><div class=\"ose- ose-uid-f1849c14dbca836afd57b4314e9c91fa ose-embedpress-responsive\" style=\"width:600px; height:550px; max-height:550px; max-width:100%; display:inline-block;\" data-embed-type=\"Facebook\"><iframe allowFullScreen=\"true\" class=\"embera-facebook-iframe-f1849 lazyload\" data-src=\"https:\/\/www.facebook.com\/plugins\/post.php?href=https%3A%2F%2Fwww.facebook.com%2Fmedia%2Fset%2F%3Fset%3Da.1091756127627076.1073742551.302749469861083%26%23038%3Btype%3D1%26%23038%3Bl%3D6ffe94fa3d&width=600&height=550&show_text=true\" width=\"600\" height=\"550\" style=\"border:none;overflow:hidden\" scrolling=\"no\" frameborder=\"0\" allowTransparency=\"true\" src=\"data:image\/svg+xml;base64,PHN2ZyB3aWR0aD0iMSIgaGVpZ2h0PSIxIiB4bWxucz0iaHR0cDovL3d3dy53My5vcmcvMjAwMC9zdmciPjwvc3ZnPg==\" data-load-mode=\"1\"><\/iframe><\/div><\/p>\n<p><strong>CARIRI EM A\u00c7\u00c3O<\/strong><\/p>\n<p><strong>Leia mais not\u00edcias em\u00a0<\/strong><a href=\"http:\/\/www.caririemacao.com\/\"><strong>caririemacao.com<\/strong><\/a><strong>, siga nossa p\u00e1gina no\u00a0<\/strong><a href=\"https:\/\/www.facebook.com\/CaririEmAcao\/?ref=aymt_homepage_panel\"><strong>Facebook<\/strong><\/a>,<strong>\u00a0<\/strong><a href=\"https:\/\/www.instagram.com\/cariri_em_acao\/?hl=pt-br\"><strong>Instagram<\/strong><\/a><strong>\u00a0e <\/strong><a href=\"https:\/\/www.youtube.com\/channel\/UCAptA0jQuYQy8vMhLt2m4qg\"><strong>Youtube<\/strong><\/a><strong>\u00a0e veja nossas mat\u00e9rias, v\u00eddeos e fotos. Voc\u00ea tamb\u00e9m pode enviar informa\u00e7\u00f5es \u00e0 Reda\u00e7\u00e3o do Portal Cariri em A\u00e7\u00e3o pelo WhatsApp (83) 9 9634.5791, (83) 9 9601-1162.<\/strong><\/p>\n","protected":false},"excerpt":{"rendered":"<p>As escolas estaduais e municipais de Gurj\u00e3o realizaram na tarde desta quinta-feira, dia 7 de setembro, um grande desfile c\u00edvico alusivo a Independ\u00eancia do Brasil.&hellip; <\/p>\n","protected":false},"author":2,"featured_media":28105,"comment_status":"closed","ping_status":"closed","sticky":false,"template":"","format":"standard","meta":{"sfsi_plus_gutenberg_text_before_share":"","sfsi_plus_gutenberg_show_text_before_share":"","sfsi_plus_gutenberg_icon_type":"","sfsi_plus_gutenberg_icon_alignemt":"","sfsi_plus_gutenburg_max_per_row":"","footnotes":""},"categories":[2],"tags":[],"class_list":["post-28098","post","type-post","status-publish","format-standard","has-post-thumbnail","hentry","category-geral"],"_links":{"self":[{"href":"https:\/\/www.caririemacao.com\/1\/wp-json\/wp\/v2\/posts\/28098","targetHints":{"allow":["GET"]}}],"collection":[{"href":"https:\/\/www.caririemacao.com\/1\/wp-json\/wp\/v2\/posts"}],"about":[{"href":"https:\/\/www.caririemacao.com\/1\/wp-json\/wp\/v2\/types\/post"}],"author":[{"embeddable":true,"href":"https:\/\/www.caririemacao.com\/1\/wp-json\/wp\/v2\/users\/2"}],"replies":[{"embeddable":true,"href":"https:\/\/www.caririemacao.com\/1\/wp-json\/wp\/v2\/comments?post=28098"}],"version-history":[{"count":0,"href":"https:\/\/www.caririemacao.com\/1\/wp-json\/wp\/v2\/posts\/28098\/revisions"}],"wp:featuredmedia":[{"embeddable":true,"href":"https:\/\/www.caririemacao.com\/1\/wp-json\/wp\/v2\/media\/28105"}],"wp:attachment":[{"href":"https:\/\/www.caririemacao.com\/1\/wp-json\/wp\/v2\/media?parent=28098"}],"wp:term":[{"taxonomy":"category","embeddable":true,"href":"https:\/\/www.caririemacao.com\/1\/wp-json\/wp\/v2\/categories?post=28098"},{"taxonomy":"post_tag","embeddable":true,"href":"https:\/\/www.caririemacao.com\/1\/wp-json\/wp\/v2\/tags?post=28098"}],"curies":[{"name":"wp","href":"https:\/\/api.w.org\/{rel}","templated":true}]}}