{"id":28103,"date":"2017-09-07T22:52:21","date_gmt":"2017-09-08T01:52:21","guid":{"rendered":"http:\/\/caririemacao.com\/1\/?p=28103"},"modified":"2017-09-07T22:52:21","modified_gmt":"2017-09-08T01:52:21","slug":"maia-pgr-tomara-decisao-correta","status":"publish","type":"post","link":"https:\/\/www.caririemacao.com\/1\/2017\/09\/07\/maia-pgr-tomara-decisao-correta\/","title":{"rendered":"Maia: \u201cPGR tomar\u00e1 decis\u00e3o correta\u201d"},"content":{"rendered":"<p>O presidente da C\u00e2mara dos Deputados, Rodrigo Maia, disse hoje (7) acreditar que a Procuradoria-Geral da Rep\u00fablica (PGR) tomar\u00e1 a decis\u00e3o correta sobre as dela\u00e7\u00f5es feitas pela empresa JBS.<\/p>\n<p>Ao deixar a cerim\u00f4nia do desfile de 7 de Setembro, na Esplanada dos Minist\u00e9rios, Maia disse que, apesar de respeitar a PGR, a C\u00e2mara exercer\u00e1 sua \u201csoberania\u201d, no caso de ter de aceitar ou n\u00e3o eventual den\u00fancia contra o presidente Michel Temer.<\/p>\n<p>Maia disse estar confiante de que a procuradoria tomar\u00e1 a decis\u00e3o correta com rela\u00e7\u00e3o aos recentes fatos envolvendo a rela\u00e7\u00e3o entre os delatores da JBS e a PGR.<\/p>\n<p>\u201cAs investiga\u00e7\u00f5es v\u00e3o esclarecendo algumas pol\u00eamicas em rela\u00e7\u00e3o \u00e0 JBS. Mas acho que a procuradoria vai tomar a decis\u00e3o correta. Ela tem tomado decis\u00f5es duras. N\u00e3o tenho d\u00favida de que, depois de ouvir os delatores hoje e o ex-procurador [Marcelo Miller], amanh\u00e3 vai tomar a decis\u00e3o dura, como tomou em outros casos\u201d, disse Maia, ao deixar o evento.<\/p>\n<p>Perguntado sobre como o caso poderia influenciar na aceita\u00e7\u00e3o de eventual den\u00fancia do procurador-geral, Rodrigo Janot, contra Temer, Maia disse que essa \u00e9 uma quest\u00e3o de soberania da Casa que preside.<\/p>\n<p>\u201cA den\u00fancia pode ser aceita ou n\u00e3o, como a primeira. Respeitamos os poderes, o Supremo Tribunal Federal (STF), o Executivo e a PGR. Nada tem descr\u00e9dito. Agora, os deputados podem ter convencimento ou n\u00e3o de que h\u00e1 ou n\u00e3o, elementos para aceitar a den\u00fancia. Temos a soberania de decidir se aceitamos ou n\u00e3o\u201d, afirmou.<\/p>\n<p>Maia tamb\u00e9m fez coment\u00e1rios sobre o atual clima pol\u00edtico no Brasil e o cen\u00e1rio para as elei\u00e7\u00f5es de 2018.<\/p>\n<p>\u201cImagina voc\u00ea que, na segunda-feira, \u00e0s 18h, discut\u00edamos como \u00e9 que ia ser a den\u00fancia contra o presidente. \u00c0s 19h, tivemos aquela coletiva [de Janot], que gerou muita perplexidade; na ter\u00e7a, o epis\u00f3dio da Bahia [apreens\u00e3o de malas abarrotadas de dinheiro, supostamente de Geddel Vieira Lima]; na quarta o depoimento do [Ant\u00f4nio] Palocci. \u00c9 por isso que, quando me perguntam sobre as elei\u00e7\u00f5es, digo que, com tantos fatos ocorridos em apenas uma semana, faltam ainda cem anos para chegarmos a 2018.\u201d<\/p>\n<p>O presidente da C\u00e2mara reiterou sua inten\u00e7\u00e3o de avan\u00e7ar nas pautas das reformas pol\u00edtica e da Previdenci\u00e1ria, e que, nesse sentido, acredita que o governo j\u00e1 tem base suficiente para colocar as mat\u00e9rias em vota\u00e7\u00e3o.<\/p>\n<p>Tamb\u00e9m presente no desfile, o ministro da Defesa, Raul Jungmann, disse estar confiante de que, ap\u00f3s a aprova\u00e7\u00e3o da meta, haver\u00e1 libera\u00e7\u00e3o de dinheiro e que, com isso, a expectativa \u00e9 de que n\u00e3o haja paralisa\u00e7\u00e3o das atividades das For\u00e7as Armadas.<\/p>\n<p>Jungmann n\u00e3o quis comentar o caso envolvendo a PGR e a JBS e n\u00e3o quis falar sobre Janot.<\/p>\n<p><strong>CARIRI EM A\u00c7\u00c3O<\/strong><\/p>\n<p><em>Com Ag\u00eancia Brasil \/Foto: Google<\/em><\/p>\n<p><strong>Leia mais not\u00edcias em\u00a0<\/strong><a href=\"http:\/\/www.caririemacao.com\/\"><strong>caririemacao.com<\/strong><\/a><strong>, siga nossa p\u00e1gina no\u00a0<\/strong><a href=\"https:\/\/www.facebook.com\/CaririEmAcao\/?ref=aymt_homepage_panel\"><strong>Facebook<\/strong><\/a>,<strong>\u00a0<\/strong><a href=\"https:\/\/www.instagram.com\/cariri_em_acao\/?hl=pt-br\"><strong>Instagram<\/strong><\/a><strong>\u00a0e <\/strong><a href=\"https:\/\/www.youtube.com\/channel\/UCAptA0jQuYQy8vMhLt2m4qg\"><strong>Youtube<\/strong><\/a><strong>\u00a0e veja nossas mat\u00e9rias, v\u00eddeos e fotos. Voc\u00ea tamb\u00e9m pode enviar informa\u00e7\u00f5es \u00e0 Reda\u00e7\u00e3o do Portal Cariri em A\u00e7\u00e3o pelo WhatsApp (83) 9 9634.5791, (83) 9 9601-1162.<\/strong><\/p>\n","protected":false},"excerpt":{"rendered":"<p>O presidente da C\u00e2mara dos Deputados, Rodrigo Maia, disse hoje (7) acreditar que a Procuradoria-Geral da Rep\u00fablica (PGR) tomar\u00e1 a decis\u00e3o correta sobre as dela\u00e7\u00f5es&hellip; <\/p>\n","protected":false},"author":2,"featured_media":12088,"comment_status":"closed","ping_status":"closed","sticky":false,"template":"","format":"standard","meta":{"sfsi_plus_gutenberg_text_before_share":"","sfsi_plus_gutenberg_show_text_before_share":"","sfsi_plus_gutenberg_icon_type":"","sfsi_plus_gutenberg_icon_alignemt":"","sfsi_plus_gutenburg_max_per_row":"","footnotes":""},"categories":[11],"tags":[],"class_list":["post-28103","post","type-post","status-publish","format-standard","has-post-thumbnail","hentry","category-politica"],"_links":{"self":[{"href":"https:\/\/www.caririemacao.com\/1\/wp-json\/wp\/v2\/posts\/28103","targetHints":{"allow":["GET"]}}],"collection":[{"href":"https:\/\/www.caririemacao.com\/1\/wp-json\/wp\/v2\/posts"}],"about":[{"href":"https:\/\/www.caririemacao.com\/1\/wp-json\/wp\/v2\/types\/post"}],"author":[{"embeddable":true,"href":"https:\/\/www.caririemacao.com\/1\/wp-json\/wp\/v2\/users\/2"}],"replies":[{"embeddable":true,"href":"https:\/\/www.caririemacao.com\/1\/wp-json\/wp\/v2\/comments?post=28103"}],"version-history":[{"count":0,"href":"https:\/\/www.caririemacao.com\/1\/wp-json\/wp\/v2\/posts\/28103\/revisions"}],"wp:featuredmedia":[{"embeddable":true,"href":"https:\/\/www.caririemacao.com\/1\/wp-json\/wp\/v2\/media\/12088"}],"wp:attachment":[{"href":"https:\/\/www.caririemacao.com\/1\/wp-json\/wp\/v2\/media?parent=28103"}],"wp:term":[{"taxonomy":"category","embeddable":true,"href":"https:\/\/www.caririemacao.com\/1\/wp-json\/wp\/v2\/categories?post=28103"},{"taxonomy":"post_tag","embeddable":true,"href":"https:\/\/www.caririemacao.com\/1\/wp-json\/wp\/v2\/tags?post=28103"}],"curies":[{"name":"wp","href":"https:\/\/api.w.org\/{rel}","templated":true}]}}