{"id":28111,"date":"2017-09-07T23:21:29","date_gmt":"2017-09-08T02:21:29","guid":{"rendered":"http:\/\/caririemacao.com\/1\/?p=28111"},"modified":"2017-09-07T23:21:29","modified_gmt":"2017-09-08T02:21:29","slug":"policia-federal-tera-novo-comandante-diz-ministro-da-justica","status":"publish","type":"post","link":"https:\/\/www.caririemacao.com\/1\/2017\/09\/07\/policia-federal-tera-novo-comandante-diz-ministro-da-justica\/","title":{"rendered":"Pol\u00edcia Federal ter\u00e1 novo comandante, diz ministro da Justi\u00e7a"},"content":{"rendered":"<p>O ministro da Justi\u00e7a, Torquato Jardim, admitiu pela primeira vez, nesta quinta-feira (7), que vai substituir o diretor-geral da Pol\u00edcia Federal, Leandro Daiello. Em entrevista \u00e0 r\u00e1dio CBN, Jardim contou que analisa uma lista com tr\u00eas nomes e sinalizou prefer\u00eancia pelo atual n\u00famero 2 da PF, Rog\u00e9rio Galloro. Embora n\u00e3o tenha informado quando ocorrer\u00e1 a mudan\u00e7a, o ministro disse que a troca no comando faz parte do projeto de renova\u00e7\u00e3o da Pol\u00edcia Federal que ele pretende implantar. Mesmo assim, segundo ele, n\u00e3o haver\u00e1 ruptura em rela\u00e7\u00e3o \u00e0 atual linha de gest\u00e3o na institui\u00e7\u00e3o.<\/p>\n<p>\u201cSeguir\u00e1 o mesmo padr\u00e3o. A troca das pessoas ser\u00e1 irrelevante, seja no Minist\u00e9rio da Justi\u00e7a, seja na Pol\u00edcia Federal, seja onde for. O plano vai ficar pronto e o plano \u00e9 institucional. S\u00e3o tr\u00eas nomes, n\u00e3o posso divulgar. Um deles obviamente \u00e9 o delegado Galloro, que \u00e9 o diretor executivo, tem viajado bastante comigo, que tem ajudado muito na concep\u00e7\u00e3o desse plano. Ele e Daiello s\u00e3o os dois mais pr\u00f3ximos e mais importantes com os quais eu trabalho na Pol\u00edcia Federal\u201d, afirmou.<\/p>\n<p>Galloro foi escolhido recentemente pelo governo para representar o Brasil como delegado das Am\u00e9ricas no Comit\u00ea Central da Interpol e \u00e9 considerado homem de confian\u00e7a de Daiello. H\u00e1 seis anos e meio no cargo, o atual chefe da Pol\u00edcia Federal \u00e9 o mais longevo desde a redemocratiza\u00e7\u00e3o.<\/p>\n<p>A reformula\u00e7\u00e3o da PF, segundo Torquato Jardim, faz parte do Plano Nacional de Seguran\u00e7a P\u00fablica, que prev\u00ea mudan\u00e7a de estrat\u00e9gias, compra de novos equipamentos e maior integra\u00e7\u00e3o na \u00e1rea de comunica\u00e7\u00e3o entre as pol\u00edcias. O atual diretor-geral tem relatado cansa\u00e7o e interesse em deixar o posto.<\/p>\n<p>A press\u00e3o pela sa\u00edda de Daiello cresceu logo ap\u00f3s a divulga\u00e7\u00e3o das grava\u00e7\u00f5es do empres\u00e1rio Joesley Batista com o presidente Michel Temer e a dela\u00e7\u00e3o de executivos da J&amp;F. As especula\u00e7\u00f5es se intensificaram no fim de junho. Na ocasi\u00e3o, Torquato Jardim recha\u00e7ou a possibilidade de troca no comando da PF.<\/p>\n<p>\u201cO Minist\u00e9rio da Justi\u00e7a e a Pol\u00edcia Federal fazem quest\u00e3o de expressar \u00e0 sociedade brasileira a sua absoluta harmonia na condu\u00e7\u00e3o das duas institui\u00e7\u00f5es. O notici\u00e1rio que est\u00e1 a\u00ed \u00e9, para usar um termo moderno, a p\u00f3s-verdade. N\u00e3o corresponde \u00e0 realidade, n\u00e3o constr\u00f3i afabilidade e n\u00e3o ajuda \u00e0 boa condu\u00e7\u00e3o dos interesses p\u00fablicos. O dr. Daiello e eu temos trabalhado, desde que aqui cheguei, na mais absoluta harmonia e camaradagem, ambos igualmente comprometidos com a institui\u00e7\u00e3o Pol\u00edcia Federal\u201d, afirmou em pronunciamento.<\/p>\n<p><strong>CARIRI EM A\u00c7\u00c3O<\/strong><\/p>\n<p><em>Com Congresso em Foco\/Foto: Google<\/em><\/p>\n<p><strong>Leia mais not\u00edcias em\u00a0<\/strong><a href=\"http:\/\/www.caririemacao.com\/\"><strong>caririemacao.com<\/strong><\/a><strong>, siga nossa p\u00e1gina no\u00a0<\/strong><a href=\"https:\/\/www.facebook.com\/CaririEmAcao\/?ref=aymt_homepage_panel\"><strong>Facebook<\/strong><\/a>,<strong>\u00a0<\/strong><a href=\"https:\/\/www.instagram.com\/cariri_em_acao\/?hl=pt-br\"><strong>Instagram<\/strong><\/a><strong>\u00a0e <\/strong><a href=\"https:\/\/www.youtube.com\/channel\/UCAptA0jQuYQy8vMhLt2m4qg\"><strong>Youtube<\/strong><\/a><strong>\u00a0e veja nossas mat\u00e9rias, v\u00eddeos e fotos. Voc\u00ea tamb\u00e9m pode enviar informa\u00e7\u00f5es \u00e0 Reda\u00e7\u00e3o do Portal Cariri em A\u00e7\u00e3o pelo WhatsApp (83) 9 9634.5791, (83) 9 9601-1162.<\/strong><\/p>\n","protected":false},"excerpt":{"rendered":"<p>O ministro da Justi\u00e7a, Torquato Jardim, admitiu pela primeira vez, nesta quinta-feira (7), que vai substituir o diretor-geral da Pol\u00edcia Federal, Leandro Daiello. Em entrevista&hellip; <\/p>\n","protected":false},"author":2,"featured_media":28112,"comment_status":"closed","ping_status":"closed","sticky":false,"template":"","format":"standard","meta":{"sfsi_plus_gutenberg_text_before_share":"","sfsi_plus_gutenberg_show_text_before_share":"","sfsi_plus_gutenberg_icon_type":"","sfsi_plus_gutenberg_icon_alignemt":"","sfsi_plus_gutenburg_max_per_row":"","footnotes":""},"categories":[11],"tags":[],"class_list":["post-28111","post","type-post","status-publish","format-standard","has-post-thumbnail","hentry","category-politica"],"_links":{"self":[{"href":"https:\/\/www.caririemacao.com\/1\/wp-json\/wp\/v2\/posts\/28111","targetHints":{"allow":["GET"]}}],"collection":[{"href":"https:\/\/www.caririemacao.com\/1\/wp-json\/wp\/v2\/posts"}],"about":[{"href":"https:\/\/www.caririemacao.com\/1\/wp-json\/wp\/v2\/types\/post"}],"author":[{"embeddable":true,"href":"https:\/\/www.caririemacao.com\/1\/wp-json\/wp\/v2\/users\/2"}],"replies":[{"embeddable":true,"href":"https:\/\/www.caririemacao.com\/1\/wp-json\/wp\/v2\/comments?post=28111"}],"version-history":[{"count":0,"href":"https:\/\/www.caririemacao.com\/1\/wp-json\/wp\/v2\/posts\/28111\/revisions"}],"wp:featuredmedia":[{"embeddable":true,"href":"https:\/\/www.caririemacao.com\/1\/wp-json\/wp\/v2\/media\/28112"}],"wp:attachment":[{"href":"https:\/\/www.caririemacao.com\/1\/wp-json\/wp\/v2\/media?parent=28111"}],"wp:term":[{"taxonomy":"category","embeddable":true,"href":"https:\/\/www.caririemacao.com\/1\/wp-json\/wp\/v2\/categories?post=28111"},{"taxonomy":"post_tag","embeddable":true,"href":"https:\/\/www.caririemacao.com\/1\/wp-json\/wp\/v2\/tags?post=28111"}],"curies":[{"name":"wp","href":"https:\/\/api.w.org\/{rel}","templated":true}]}}