{"id":281546,"date":"2024-02-29T11:51:43","date_gmt":"2024-02-29T14:51:43","guid":{"rendered":"https:\/\/www.caririemacao.com\/1\/?p=281546"},"modified":"2024-02-29T11:51:43","modified_gmt":"2024-02-29T14:51:43","slug":"boqueirao-registra-a-maior-chuva-das-ultimas-24-horas-na-regiao-do-cariri-confira-a-milimetragem-das-chuvas","status":"publish","type":"post","link":"https:\/\/www.caririemacao.com\/1\/2024\/02\/29\/boqueirao-registra-a-maior-chuva-das-ultimas-24-horas-na-regiao-do-cariri-confira-a-milimetragem-das-chuvas\/","title":{"rendered":"Boqueir\u00e3o registra a maior chuva das \u00faltimas 24 horas na regi\u00e3o do Cariri; confira a milimetragem das chuvas"},"content":{"rendered":"<p>As fortes chuvas ca\u00eddas nesta \u00faltima quarta-feira(29), em algumas cidades da regi\u00e3o do Cariri e da Para\u00edba animaram os agricultores e o homem do campo, principalmente da regi\u00e3o do Cariri, que ficaram otimistas com a expectativa de um ano chuvoso e de um bom inverno.<\/p>\n<p>No Cariri, mais uma forte chuva foi registrada na maioria das cidades da regi\u00e3o durante toda a tarde e noite desta \u00faltima ter\u00e7a-feira.<\/p>\n<p>Segundo dados fornecidos pela AESA, o munic\u00edpio de Boqueir\u00e3o registrou a maior chuva com 111 mm nas \u00faltimas 24 horas.<\/p>\n<p>Com as fortes chuvas, a cidade Boqueir\u00e3o registrou durante essa \u00faltima noite, chuvas carregadas de ventos, raios e trov\u00f5es.<\/p>\n<p><strong>Veja quanto choveu em algumas cidades da regi\u00e3o do Cariri e Curimata\u00fa:<\/strong><\/p>\n<p>Boqueir\u00e3o\/A\u00e7ude Boqueir\u00e3o &#8211; 111,1 mm<br \/>\nRiacho de Santo Ant\u00f4nio &#8211; 110,0 mm<br \/>\nCaturit\u00e9\/Fazenda Campo de Emas &#8211; 105,0 mm<br \/>\nCoxixola &#8211; 102,3 mm<br \/>\nAlcantil &#8211; 101,0 mm<br \/>\nCara\u00fabas &#8211; 97,6 mm<br \/>\nS\u00e3o Domingos do Cariri &#8211; 77,0 mm<br \/>\nBarra de S\u00e3o Miguel &#8211; 71,7 mm<br \/>\nCabaceiras &#8211; 54,0 mm<br \/>\nSum\u00e9\/UFCG &#8211; 48,0 mm<br \/>\nSum\u00e9 &#8211; 45,0 mm<br \/>\nCongo &#8211; 36,4 mm<br \/>\nS\u00e3o Jo\u00e3o do Tigre &#8211; 34,2 mm<br \/>\nCamala\u00fa &#8211; 31,0 mm<br \/>\nMonteiro\/EMBRAPA &#8211; 24,5 mm<br \/>\nSerra Branca &#8211; 23,6 mm<\/p>\n<p>&nbsp;<\/p>\n<p>&nbsp;<\/p>\n<p><strong>CARIRI EM A\u00c7\u00c3O<\/strong><\/p>\n","protected":false},"excerpt":{"rendered":"<p>As fortes chuvas ca\u00eddas nesta \u00faltima quarta-feira(29), em algumas cidades da regi\u00e3o do Cariri e da Para\u00edba animaram os agricultores e o homem do campo,&hellip; <\/p>\n","protected":false},"author":6,"featured_media":281547,"comment_status":"closed","ping_status":"closed","sticky":false,"template":"","format":"standard","meta":{"sfsi_plus_gutenberg_text_before_share":"","sfsi_plus_gutenberg_show_text_before_share":"","sfsi_plus_gutenberg_icon_type":"","sfsi_plus_gutenberg_icon_alignemt":"","sfsi_plus_gutenburg_max_per_row":"","footnotes":""},"categories":[106,50],"tags":[],"class_list":["post-281546","post","type-post","status-publish","format-standard","has-post-thumbnail","hentry","category-cariri","category-destaque"],"_links":{"self":[{"href":"https:\/\/www.caririemacao.com\/1\/wp-json\/wp\/v2\/posts\/281546","targetHints":{"allow":["GET"]}}],"collection":[{"href":"https:\/\/www.caririemacao.com\/1\/wp-json\/wp\/v2\/posts"}],"about":[{"href":"https:\/\/www.caririemacao.com\/1\/wp-json\/wp\/v2\/types\/post"}],"author":[{"embeddable":true,"href":"https:\/\/www.caririemacao.com\/1\/wp-json\/wp\/v2\/users\/6"}],"replies":[{"embeddable":true,"href":"https:\/\/www.caririemacao.com\/1\/wp-json\/wp\/v2\/comments?post=281546"}],"version-history":[{"count":1,"href":"https:\/\/www.caririemacao.com\/1\/wp-json\/wp\/v2\/posts\/281546\/revisions"}],"predecessor-version":[{"id":281548,"href":"https:\/\/www.caririemacao.com\/1\/wp-json\/wp\/v2\/posts\/281546\/revisions\/281548"}],"wp:featuredmedia":[{"embeddable":true,"href":"https:\/\/www.caririemacao.com\/1\/wp-json\/wp\/v2\/media\/281547"}],"wp:attachment":[{"href":"https:\/\/www.caririemacao.com\/1\/wp-json\/wp\/v2\/media?parent=281546"}],"wp:term":[{"taxonomy":"category","embeddable":true,"href":"https:\/\/www.caririemacao.com\/1\/wp-json\/wp\/v2\/categories?post=281546"},{"taxonomy":"post_tag","embeddable":true,"href":"https:\/\/www.caririemacao.com\/1\/wp-json\/wp\/v2\/tags?post=281546"}],"curies":[{"name":"wp","href":"https:\/\/api.w.org\/{rel}","templated":true}]}}