{"id":281550,"date":"2024-02-29T14:27:52","date_gmt":"2024-02-29T17:27:52","guid":{"rendered":"https:\/\/www.caririemacao.com\/1\/?p=281550"},"modified":"2024-02-29T14:27:52","modified_gmt":"2024-02-29T17:27:52","slug":"raio-destroi-parte-de-sacada-de-casa-e-causa-desespero-em-cidade-do-cariri","status":"publish","type":"post","link":"https:\/\/www.caririemacao.com\/1\/2024\/02\/29\/raio-destroi-parte-de-sacada-de-casa-e-causa-desespero-em-cidade-do-cariri\/","title":{"rendered":"Raio destr\u00f3i parte de sacada de casa e causa desespero em cidade do Cariri"},"content":{"rendered":"<p>Moradores de uma resid\u00eancia no centro de Serra Branca, presenciaram o momento em que um raio atingiu uma casa durante forte chuva na noite desta quarta-feira (28). O raio deixou parte da sacada do im\u00f3vel destru\u00edda. O fato aconteceu na rua Alexandrino Corr\u00eaa de Queiroz, no centro.<\/p>\n<p>Foram registrados muitos raios e trov\u00f5es no munic\u00edpio durante a chuva, e a descarga el\u00e9trica, infelizmente atingiu a resid\u00eancia.<\/p>\n<p>Segundo vizinhos do local, o desespero tomou conta de alguns moradores ap\u00f3s ouvirem o barulho da descarga el\u00e9trica. Uma parte da parede da casa ficou destru\u00edda.<\/p>\n<p>A casa estava vazia no momento do raio e ningu\u00e9m ficou ferido.<\/p>\n<p>&nbsp;<\/p>\n<p><strong>CARIRI EM A\u00c7\u00c3O<\/strong><\/p>\n<p>Com De Olho no Cariri<\/p>\n","protected":false},"excerpt":{"rendered":"<p>Moradores de uma resid\u00eancia no centro de Serra Branca, presenciaram o momento em que um raio atingiu uma casa durante forte chuva na noite desta&hellip; <\/p>\n","protected":false},"author":6,"featured_media":281551,"comment_status":"closed","ping_status":"closed","sticky":false,"template":"","format":"standard","meta":{"sfsi_plus_gutenberg_text_before_share":"","sfsi_plus_gutenberg_show_text_before_share":"","sfsi_plus_gutenberg_icon_type":"","sfsi_plus_gutenberg_icon_alignemt":"","sfsi_plus_gutenburg_max_per_row":"","footnotes":""},"categories":[106,50],"tags":[],"class_list":["post-281550","post","type-post","status-publish","format-standard","has-post-thumbnail","hentry","category-cariri","category-destaque"],"_links":{"self":[{"href":"https:\/\/www.caririemacao.com\/1\/wp-json\/wp\/v2\/posts\/281550","targetHints":{"allow":["GET"]}}],"collection":[{"href":"https:\/\/www.caririemacao.com\/1\/wp-json\/wp\/v2\/posts"}],"about":[{"href":"https:\/\/www.caririemacao.com\/1\/wp-json\/wp\/v2\/types\/post"}],"author":[{"embeddable":true,"href":"https:\/\/www.caririemacao.com\/1\/wp-json\/wp\/v2\/users\/6"}],"replies":[{"embeddable":true,"href":"https:\/\/www.caririemacao.com\/1\/wp-json\/wp\/v2\/comments?post=281550"}],"version-history":[{"count":1,"href":"https:\/\/www.caririemacao.com\/1\/wp-json\/wp\/v2\/posts\/281550\/revisions"}],"predecessor-version":[{"id":281552,"href":"https:\/\/www.caririemacao.com\/1\/wp-json\/wp\/v2\/posts\/281550\/revisions\/281552"}],"wp:featuredmedia":[{"embeddable":true,"href":"https:\/\/www.caririemacao.com\/1\/wp-json\/wp\/v2\/media\/281551"}],"wp:attachment":[{"href":"https:\/\/www.caririemacao.com\/1\/wp-json\/wp\/v2\/media?parent=281550"}],"wp:term":[{"taxonomy":"category","embeddable":true,"href":"https:\/\/www.caririemacao.com\/1\/wp-json\/wp\/v2\/categories?post=281550"},{"taxonomy":"post_tag","embeddable":true,"href":"https:\/\/www.caririemacao.com\/1\/wp-json\/wp\/v2\/tags?post=281550"}],"curies":[{"name":"wp","href":"https:\/\/api.w.org\/{rel}","templated":true}]}}