{"id":281553,"date":"2024-02-29T14:28:57","date_gmt":"2024-02-29T17:28:57","guid":{"rendered":"https:\/\/www.caririemacao.com\/1\/?p=281553"},"modified":"2024-02-29T14:28:57","modified_gmt":"2024-02-29T17:28:57","slug":"prefeitura-de-sao-domingos-do-cariri-por-meio-da-secretaria-de-saude-realiza-dia-d-de-campanha-de-multivacinacao","status":"publish","type":"post","link":"https:\/\/www.caririemacao.com\/1\/2024\/02\/29\/prefeitura-de-sao-domingos-do-cariri-por-meio-da-secretaria-de-saude-realiza-dia-d-de-campanha-de-multivacinacao\/","title":{"rendered":"Prefeitura de S\u00e3o Domingos do Cariri, por meio da Secretaria de Sa\u00fade, realiza dia \u201cD\u201d de Campanha de Multivacina\u00e7\u00e3o"},"content":{"rendered":"<p>No intuito de promover a sa\u00fade e o bem-estar da popula\u00e7\u00e3o, a Prefeitura de S\u00e3o Domingos do Cariri, em parceria com a Secretaria de Sa\u00fade, realizou com sucesso o Dia \u201cD\u201d da campanha de multivacina\u00e7\u00e3o. O evento, que aconteceu no \u00faltimo s\u00e1bado 24, mobilizou equipes de profissionais da sa\u00fade e centenas de mun\u00edcipes em busca da atualiza\u00e7\u00e3o do calend\u00e1rio vacinal.<\/p>\n<p>A campanha teve como objetivo principal ampliar a cobertura vacinal, garantindo que crian\u00e7as, adolescentes, adultos e idosos estejam devidamente imunizados contra diversas doen\u00e7as. Para isso, foram disponibilizadas todas as vacinas do calend\u00e1rio b\u00e1sico de vacina\u00e7\u00e3o, incluindo aquelas destinadas a grupos espec\u00edficos, como gestantes e portadores de doen\u00e7as cr\u00f4nicas.<\/p>\n<p>Al\u00e9m da aplica\u00e7\u00e3o das vacinas, a equipe de sa\u00fade tamb\u00e9m realizou um trabalho de conscientiza\u00e7\u00e3o, orientando a popula\u00e7\u00e3o sobre a import\u00e2ncia da vacina\u00e7\u00e3o para a preven\u00e7\u00e3o de doen\u00e7as e para a manuten\u00e7\u00e3o da sa\u00fade individual e coletiva. Foram fornecidas informa\u00e7\u00f5es sobre os benef\u00edcios de cada vacina, os cuidados necess\u00e1rios ap\u00f3s a imuniza\u00e7\u00e3o e esclarecimentos sobre poss\u00edveis d\u00favidas e mitos relacionados \u00e0 vacina\u00e7\u00e3o.<\/p>\n<p>\u201cA popula\u00e7\u00e3o \u00e9 incentivada a procurar os servi\u00e7os de sa\u00fade para verificar sua situa\u00e7\u00e3o vacinal e receber as doses necess\u00e1rias para sua prote\u00e7\u00e3o e a de seus familiares. Juntos, podemos construir uma comunidade mais saud\u00e1vel e protegida contra doen\u00e7as evit\u00e1veis por meio da vacina\u00e7\u00e3o\u201d, afirmou a Secret\u00e1ria de Sa\u00fade Renata Lima.<\/p>\n<p>Ascom<\/p>\n","protected":false},"excerpt":{"rendered":"<p>No intuito de promover a sa\u00fade e o bem-estar da popula\u00e7\u00e3o, a Prefeitura de S\u00e3o Domingos do Cariri, em parceria com a Secretaria de Sa\u00fade,&hellip; <\/p>\n","protected":false},"author":6,"featured_media":281554,"comment_status":"closed","ping_status":"closed","sticky":false,"template":"","format":"standard","meta":{"sfsi_plus_gutenberg_text_before_share":"","sfsi_plus_gutenberg_show_text_before_share":"","sfsi_plus_gutenberg_icon_type":"","sfsi_plus_gutenberg_icon_alignemt":"","sfsi_plus_gutenburg_max_per_row":"","footnotes":""},"categories":[50,87],"tags":[],"class_list":["post-281553","post","type-post","status-publish","format-standard","has-post-thumbnail","hentry","category-destaque","category-sao-domingos-do-cariri"],"_links":{"self":[{"href":"https:\/\/www.caririemacao.com\/1\/wp-json\/wp\/v2\/posts\/281553","targetHints":{"allow":["GET"]}}],"collection":[{"href":"https:\/\/www.caririemacao.com\/1\/wp-json\/wp\/v2\/posts"}],"about":[{"href":"https:\/\/www.caririemacao.com\/1\/wp-json\/wp\/v2\/types\/post"}],"author":[{"embeddable":true,"href":"https:\/\/www.caririemacao.com\/1\/wp-json\/wp\/v2\/users\/6"}],"replies":[{"embeddable":true,"href":"https:\/\/www.caririemacao.com\/1\/wp-json\/wp\/v2\/comments?post=281553"}],"version-history":[{"count":1,"href":"https:\/\/www.caririemacao.com\/1\/wp-json\/wp\/v2\/posts\/281553\/revisions"}],"predecessor-version":[{"id":281555,"href":"https:\/\/www.caririemacao.com\/1\/wp-json\/wp\/v2\/posts\/281553\/revisions\/281555"}],"wp:featuredmedia":[{"embeddable":true,"href":"https:\/\/www.caririemacao.com\/1\/wp-json\/wp\/v2\/media\/281554"}],"wp:attachment":[{"href":"https:\/\/www.caririemacao.com\/1\/wp-json\/wp\/v2\/media?parent=281553"}],"wp:term":[{"taxonomy":"category","embeddable":true,"href":"https:\/\/www.caririemacao.com\/1\/wp-json\/wp\/v2\/categories?post=281553"},{"taxonomy":"post_tag","embeddable":true,"href":"https:\/\/www.caririemacao.com\/1\/wp-json\/wp\/v2\/tags?post=281553"}],"curies":[{"name":"wp","href":"https:\/\/api.w.org\/{rel}","templated":true}]}}