{"id":281556,"date":"2024-02-29T14:29:41","date_gmt":"2024-02-29T17:29:41","guid":{"rendered":"https:\/\/www.caririemacao.com\/1\/?p=281556"},"modified":"2024-02-29T14:29:41","modified_gmt":"2024-02-29T17:29:41","slug":"veja-lista-apos-fortes-chuvas-cariri-e-sertao-permanecem-em-alerta-laranja-de-chuvas-intensas","status":"publish","type":"post","link":"https:\/\/www.caririemacao.com\/1\/2024\/02\/29\/veja-lista-apos-fortes-chuvas-cariri-e-sertao-permanecem-em-alerta-laranja-de-chuvas-intensas\/","title":{"rendered":"VEJA LISTA: ap\u00f3s fortes chuvas, Cariri e Sert\u00e3o permanecem em alerta laranja de chuvas intensas"},"content":{"rendered":"<p>O Instituto Nacional de Meteorologia (INMET) emitiu na manh\u00e3 desta quinta-feira (29) um novo alerta para chuvas para munic\u00edpios do estado da Para\u00edba.<\/p>\n<p>S\u00e3o 139 munic\u00edpios abrangidos pelo alerta laranja de perigo de chuvas intensas.<\/p>\n<p>Com isso, mais da metade das cidades paraibanas est\u00e1 com a possibilidade de ter chuvas de at\u00e9 100 mil\u00edmetros nas pr\u00f3ximas 24 horas.<\/p>\n<p>Segundo o INMET, em locais com alerta laranja tamb\u00e9m podem ocorrer ventos intensos entre 60 e 100 km\/h.<\/p>\n<p>H\u00e1 risco de corte de energia el\u00e9trica, queda de galhos de \u00e1rvores, alagamentos e de descargas el\u00e9tricas.<\/p>\n<p>Os munic\u00edpios abrangidos por este tipo de alerta est\u00e3o localizados no Agreste, Cariri, Curimata\u00fa e Sert\u00e3o.<\/p>\n<p><strong>Veja lista de cidades abrangidas pelo alerta:<\/strong><\/p>\n<p>\u00c1gua Branca<\/p>\n<p>Aguiar<\/p>\n<p>Alcantil<\/p>\n<p>Algod\u00e3o de Janda\u00edra<\/p>\n<p>Amparo<\/p>\n<p>Aparecida<\/p>\n<p>Areia de Bara\u00fanas<\/p>\n<p>Assun\u00e7\u00e3o<\/p>\n<p>Bara\u00fana<\/p>\n<p>Barra de Santana<\/p>\n<p>Barra de Santa Rosa<\/p>\n<p>Barra de S\u00e3o Miguel<\/p>\n<p>Bel\u00e9m do Brejo do Cruz<\/p>\n<p>Bernardino Batista<\/p>\n<p>Boa Ventura<\/p>\n<p>Boa Vista<\/p>\n<p>Bom Jesus<\/p>\n<p>Bom Sucesso<\/p>\n<p>Bonito de Santa F\u00e9<\/p>\n<p>Boqueir\u00e3o<\/p>\n<p>Brejo do Cruz<\/p>\n<p>Brejo dos Santos<\/p>\n<p>Cabaceiras<\/p>\n<p>Cachoeira dos \u00cdndios<\/p>\n<p>Cacimba de Areia<\/p>\n<p>Cacimbas<\/p>\n<p>Cajazeiras<\/p>\n<p>Cajazeirinhas<\/p>\n<p>Camala\u00fa<\/p>\n<p>Campina Grande<\/p>\n<p>Cara\u00fabas<\/p>\n<p>Carrapateira<\/p>\n<p>Catingueira<\/p>\n<p>Catol\u00e9 do Rocha<\/p>\n<p>Caturit\u00e9<\/p>\n<p>Concei\u00e7\u00e3o<\/p>\n<p>Condado<\/p>\n<p>Congo<\/p>\n<p>Coremas<\/p>\n<p>Coxixola<\/p>\n<p>Cubati<\/p>\n<p>Cuit\u00e9<\/p>\n<p>Curral Velho<\/p>\n<p>Desterro<\/p>\n<p>Diamante<\/p>\n<p>Emas<\/p>\n<p>Frei Martinho<\/p>\n<p>Gurj\u00e3o<\/p>\n<p>Ibiara<\/p>\n<p>Igaracy<\/p>\n<p>Imaculada<\/p>\n<p>Itaporanga<\/p>\n<p>Jeric\u00f3<\/p>\n<p>Joca Claudino<\/p>\n<p>Juazeirinho<\/p>\n<p>Junco do Serid\u00f3<\/p>\n<p>Juru<\/p>\n<p>Lagoa<\/p>\n<p>Lastro<\/p>\n<p>Livramento<\/p>\n<p>M\u00e3e d\u2019\u00c1gua<\/p>\n<p>Malta<\/p>\n<p>Mana\u00edra<\/p>\n<p>Mariz\u00f3polis<\/p>\n<p>Mato Grosso<\/p>\n<p>Matur\u00e9ia<\/p>\n<p>Monte Horebe<\/p>\n<p>Monteiro<\/p>\n<p>Nazarezinho<\/p>\n<p>Nova Olinda<\/p>\n<p>Nova Palmeira<\/p>\n<p>Olho d\u2019\u00c1gua<\/p>\n<p>Olivedos<\/p>\n<p>Ouro Velho<\/p>\n<p>Parari<\/p>\n<p>Passagem<\/p>\n<p>Patos<\/p>\n<p>Paulista<\/p>\n<p>Pedra Branca<\/p>\n<p>Pedra Lavrada<\/p>\n<p>Pianc\u00f3<\/p>\n<p>Picu\u00ed<\/p>\n<p>Pocinhos<\/p>\n<p>Po\u00e7o Dantas<\/p>\n<p>Po\u00e7o de Jos\u00e9 de Moura<\/p>\n<p>Pombal<\/p>\n<p>Prata<\/p>\n<p>Princesa Isabel<\/p>\n<p>Puxinan\u00e3<\/p>\n<p>Queimadas<\/p>\n<p>Quixaba<\/p>\n<p>Riacho de Santo Ant\u00f4nio<\/p>\n<p>Riacho dos Cavalos<\/p>\n<p>Salgadinho<\/p>\n<p>Santa Cec\u00edlia<\/p>\n<p>Santa Cruz<\/p>\n<p>Santa Helena<\/p>\n<p>Santa In\u00eas<\/p>\n<p>Santa Luzia<\/p>\n<p>Santana de Mangueira<\/p>\n<p>Santana dos Garrotes<\/p>\n<p>Santa Teresinha<\/p>\n<p>Santo Andr\u00e9<\/p>\n<p>S\u00e3o Bentinho<\/p>\n<p>S\u00e3o Bento<\/p>\n<p>S\u00e3o Domingos<\/p>\n<p>S\u00e3o Domingos do Cariri<\/p>\n<p>S\u00e3o Francisco<\/p>\n<p>S\u00e3o Jo\u00e3o do Cariri<\/p>\n<p>S\u00e3o Jo\u00e3o do Rio do Peixe<\/p>\n<p>S\u00e3o Jo\u00e3o do Tigre<\/p>\n<p>S\u00e3o Jos\u00e9 da Lagoa Tapada<\/p>\n<p>S\u00e3o Jos\u00e9 de Caiana<\/p>\n<p>S\u00e3o Jos\u00e9 de Espinharas<\/p>\n<p>S\u00e3o Jos\u00e9 de Piranhas<\/p>\n<p>S\u00e3o Jos\u00e9 de Princesa<\/p>\n<p>S\u00e3o Jos\u00e9 do Bonfim<\/p>\n<p>S\u00e3o Jos\u00e9 do Brejo do Cruz<\/p>\n<p>S\u00e3o Jos\u00e9 do Sabugi<\/p>\n<p>S\u00e3o Jos\u00e9 dos Cordeiros<\/p>\n<p>S\u00e3o Mamede<\/p>\n<p>S\u00e3o Sebasti\u00e3o do Umbuzeiro<\/p>\n<p>S\u00e3o Vicente do Serid\u00f3<\/p>\n<p>Serra Branca<\/p>\n<p>Serra Grande<\/p>\n<p>Soledade<\/p>\n<p>Soss\u00eago<\/p>\n<p>Sousa<\/p>\n<p>Sum\u00e9<\/p>\n<p>Tapero\u00e1<\/p>\n<p>Tavares<\/p>\n<p>Teixeira<\/p>\n<p>Ten\u00f3rio<\/p>\n<p>Triunfo<\/p>\n<p>Uira\u00fana<\/p>\n<p>V\u00e1rzea<\/p>\n<p>Vieir\u00f3polis<\/p>\n<p>Vista Serrana<\/p>\n<p>Zabel\u00ea<\/p>\n","protected":false},"excerpt":{"rendered":"<p>O Instituto Nacional de Meteorologia (INMET) emitiu na manh\u00e3 desta quinta-feira (29) um novo alerta para chuvas para munic\u00edpios do estado da Para\u00edba. S\u00e3o 139&hellip; <\/p>\n","protected":false},"author":6,"featured_media":265271,"comment_status":"closed","ping_status":"closed","sticky":false,"template":"","format":"standard","meta":{"sfsi_plus_gutenberg_text_before_share":"","sfsi_plus_gutenberg_show_text_before_share":"","sfsi_plus_gutenberg_icon_type":"","sfsi_plus_gutenberg_icon_alignemt":"","sfsi_plus_gutenburg_max_per_row":"","footnotes":""},"categories":[106,50],"tags":[],"class_list":["post-281556","post","type-post","status-publish","format-standard","has-post-thumbnail","hentry","category-cariri","category-destaque"],"_links":{"self":[{"href":"https:\/\/www.caririemacao.com\/1\/wp-json\/wp\/v2\/posts\/281556","targetHints":{"allow":["GET"]}}],"collection":[{"href":"https:\/\/www.caririemacao.com\/1\/wp-json\/wp\/v2\/posts"}],"about":[{"href":"https:\/\/www.caririemacao.com\/1\/wp-json\/wp\/v2\/types\/post"}],"author":[{"embeddable":true,"href":"https:\/\/www.caririemacao.com\/1\/wp-json\/wp\/v2\/users\/6"}],"replies":[{"embeddable":true,"href":"https:\/\/www.caririemacao.com\/1\/wp-json\/wp\/v2\/comments?post=281556"}],"version-history":[{"count":1,"href":"https:\/\/www.caririemacao.com\/1\/wp-json\/wp\/v2\/posts\/281556\/revisions"}],"predecessor-version":[{"id":281557,"href":"https:\/\/www.caririemacao.com\/1\/wp-json\/wp\/v2\/posts\/281556\/revisions\/281557"}],"wp:featuredmedia":[{"embeddable":true,"href":"https:\/\/www.caririemacao.com\/1\/wp-json\/wp\/v2\/media\/265271"}],"wp:attachment":[{"href":"https:\/\/www.caririemacao.com\/1\/wp-json\/wp\/v2\/media?parent=281556"}],"wp:term":[{"taxonomy":"category","embeddable":true,"href":"https:\/\/www.caririemacao.com\/1\/wp-json\/wp\/v2\/categories?post=281556"},{"taxonomy":"post_tag","embeddable":true,"href":"https:\/\/www.caririemacao.com\/1\/wp-json\/wp\/v2\/tags?post=281556"}],"curies":[{"name":"wp","href":"https:\/\/api.w.org\/{rel}","templated":true}]}}