{"id":281576,"date":"2024-02-29T20:32:52","date_gmt":"2024-02-29T23:32:52","guid":{"rendered":"https:\/\/www.caririemacao.com\/1\/?p=281576"},"modified":"2024-02-29T20:32:52","modified_gmt":"2024-02-29T23:32:52","slug":"apos-reacoes-governo-lula-recua-e-suspende-nota-tecnica-sobre-aborto-legal-ate-9-meses","status":"publish","type":"post","link":"https:\/\/www.caririemacao.com\/1\/2024\/02\/29\/apos-reacoes-governo-lula-recua-e-suspende-nota-tecnica-sobre-aborto-legal-ate-9-meses\/","title":{"rendered":"Ap\u00f3s rea\u00e7\u00f5es, governo Lula recua e suspende nota t\u00e9cnica sobre aborto legal at\u00e9 9 meses"},"content":{"rendered":"<p>A ministra da Sa\u00fade, N\u00edsia Trindade, suspendeu nesta quinta, a nota t\u00e9cnica 2\/2024, que reafirmava disposi\u00e7\u00f5es j\u00e1 previstas em lei para aborto legal, a qualquer momento da gesta\u00e7\u00e3o, como em casos de estupro, m\u00e1 forma\u00e7\u00e3o do feto e risco \u00e0 sa\u00fade da m\u00e3e. Na pr\u00e1tica, a nota n\u00e3o mudava as possibilidade de aborto j\u00e1 existente no pa\u00eds, mas provocou inc\u00f4modo na oposi\u00e7\u00e3o e em grupos religiosos. A defesa contra o aborto \u00e9 uma das bandeiras do ex-presidente Jair Bolsonaro e tema sens\u00edvel para grupos religiosos, segmento em que o governo Lula (PT) tem pouca inser\u00e7\u00e3o.<\/p>\n<p>\u201cEm resumo, a garantia do direito ao aborto nas condi\u00e7\u00f5es previstas em lei (no Brasil, em casos de gravidez resultante de estupro, risco \u00e0 vida da gestante e anencefalia fetal) em qualquer tempo gestacional, com a indu\u00e7\u00e3o de assistolia fetal quando indicada, \u00e9 a recomenda\u00e7\u00e3o baseada nas evid\u00eancias cient\u00edficas mais recentes, tanto de \u00f3rg\u00e3os internacionais de especialistas em Ginecologia e Obstetr\u00edcia (Federa\u00e7\u00e3o Internacional de Ginecologia e Obstetr\u00edcia \u2013 FIGO)\u201d, considerava a nota t\u00e9cnica.<\/p>\n<p>O documento foi produzido por solicita\u00e7\u00e3o contida na argui\u00e7\u00e3o de descumprimento de preceito fundamental (ADPF) 989, do Supremo Tribunal Federal, adequando a recomenda\u00e7\u00e3o do Minist\u00e9rio da Sa\u00fade ao que prev\u00ea a legisla\u00e7\u00e3o brasileira, que n\u00e3o determina prazo para a realiza\u00e7\u00e3o do aborto legal. O material foi assinado pelos secret\u00e1rios Felipe Proen\u00e7o de Oliveira (Aten\u00e7\u00e3o Prim\u00e1ria \u00e0 Sa\u00fade) eHelv\u00e9cio Miranda Magalh\u00e3es J\u00fanior (Aten\u00e7\u00e3o Especializada \u00e0 Sa\u00fade).<\/p>\n<p>A ADPF surgiu quando o governo Jair Bolsonaro editou uma nota t\u00e9cnica estabelecendo limite de 22 semanas para a interrup\u00e7\u00e3o da gesta\u00e7\u00e3o, contrariando o que diz o c\u00f3digo penal. Aquele entendimento gerou cr\u00edticas de v\u00e1rias entidades que alegam que o documento dificultava o acesso ao aborto previsto por lei, obrigando as mulheres a acionarem a justi\u00e7a para ter o direito reconhecido a qualquer tempo da gesta\u00e7\u00e3o. A nota da Sa\u00fade publicada nesta quarta, reeditava a anterior.<\/p>\n<p><strong>Recuo da Sa\u00fade<\/strong><\/p>\n<p>No in\u00edcio da tarde desta quinta, a ministra da Sa\u00fade que cumpre agenda em Boa Vista (RR), \u201ctomou conhecimento da publica\u00e7\u00e3o da Nota T\u00e9cnica n\u00ba 2\/2024 a respeito de recomenda\u00e7\u00f5es sobre a realiza\u00e7\u00e3o do aborto nos casos previstos em lei\u201d, informou o Minist\u00e9rio da Sa\u00fade.<\/p>\n<p>\u201cO documento n\u00e3o passou por todas as esferas necess\u00e1rias do Minist\u00e9rio da Sa\u00fade e nem pela consultoria jur\u00eddica da Pasta, portanto, est\u00e1 suspenso. Posteriormente, esse tema que se refere a ADPF 989, do Supremo Tribunal Federal, ser\u00e1 tratado pela ministra junto \u00e0 Advocacia-Geral da Uni\u00e3o (AGU) e ao STF\u201d, comunicou nota divulgada \u00e0 imprensa.<\/p>\n<p>Ao longo do dia, representantes da bancada evang\u00e9lica reagiram contra a nota t\u00e9cnica. O deputado S\u00f3stenes Cavalcante (PL-RJ), foi \u00e0 tribuna da C\u00e2mara pedir a exonera\u00e7\u00e3o dos secret\u00e1rios.<\/p>\n<p>\u201cFomos surpreendido pela nota t\u00e9cnica do Minist\u00e9rio da Sa\u00fade sobre o aborto. Lula fez campanha fazendo cartinha aos evang\u00e9licos falando que era contra aborto. Lula sempre defendeu o aborto, mas chega na elei\u00e7\u00e3o e posa de bonzinho. Essa nota t\u00e9cnica merecia a exonera\u00e7\u00e3o desses dois cidad\u00e3os\u201d, disse em refer\u00eancia aos dois secret\u00e1rios, Felipe Proen\u00e7a (Assist\u00eancia Prim\u00e1ria \u00e0 Sa\u00fade) e Helv\u00e9cio Miranda (Aten\u00e7\u00e3o Especializada \u00e0 Sa\u00fade).<\/p>\n","protected":false},"excerpt":{"rendered":"<p>A ministra da Sa\u00fade, N\u00edsia Trindade, suspendeu nesta quinta, a nota t\u00e9cnica 2\/2024, que reafirmava disposi\u00e7\u00f5es j\u00e1 previstas em lei para aborto legal, a qualquer&hellip; <\/p>\n","protected":false},"author":6,"featured_media":281577,"comment_status":"closed","ping_status":"closed","sticky":false,"template":"","format":"standard","meta":{"sfsi_plus_gutenberg_text_before_share":"","sfsi_plus_gutenberg_show_text_before_share":"","sfsi_plus_gutenberg_icon_type":"","sfsi_plus_gutenberg_icon_alignemt":"","sfsi_plus_gutenburg_max_per_row":"","footnotes":""},"categories":[123,50],"tags":[],"class_list":["post-281576","post","type-post","status-publish","format-standard","has-post-thumbnail","hentry","category-brasil","category-destaque"],"_links":{"self":[{"href":"https:\/\/www.caririemacao.com\/1\/wp-json\/wp\/v2\/posts\/281576","targetHints":{"allow":["GET"]}}],"collection":[{"href":"https:\/\/www.caririemacao.com\/1\/wp-json\/wp\/v2\/posts"}],"about":[{"href":"https:\/\/www.caririemacao.com\/1\/wp-json\/wp\/v2\/types\/post"}],"author":[{"embeddable":true,"href":"https:\/\/www.caririemacao.com\/1\/wp-json\/wp\/v2\/users\/6"}],"replies":[{"embeddable":true,"href":"https:\/\/www.caririemacao.com\/1\/wp-json\/wp\/v2\/comments?post=281576"}],"version-history":[{"count":1,"href":"https:\/\/www.caririemacao.com\/1\/wp-json\/wp\/v2\/posts\/281576\/revisions"}],"predecessor-version":[{"id":281578,"href":"https:\/\/www.caririemacao.com\/1\/wp-json\/wp\/v2\/posts\/281576\/revisions\/281578"}],"wp:featuredmedia":[{"embeddable":true,"href":"https:\/\/www.caririemacao.com\/1\/wp-json\/wp\/v2\/media\/281577"}],"wp:attachment":[{"href":"https:\/\/www.caririemacao.com\/1\/wp-json\/wp\/v2\/media?parent=281576"}],"wp:term":[{"taxonomy":"category","embeddable":true,"href":"https:\/\/www.caririemacao.com\/1\/wp-json\/wp\/v2\/categories?post=281576"},{"taxonomy":"post_tag","embeddable":true,"href":"https:\/\/www.caririemacao.com\/1\/wp-json\/wp\/v2\/tags?post=281576"}],"curies":[{"name":"wp","href":"https:\/\/api.w.org\/{rel}","templated":true}]}}