{"id":281692,"date":"2024-03-04T09:23:39","date_gmt":"2024-03-04T12:23:39","guid":{"rendered":"https:\/\/www.caririemacao.com\/1\/?p=281692"},"modified":"2024-03-04T09:23:39","modified_gmt":"2024-03-04T12:23:39","slug":"acidente-entre-moto-e-caminhao-deixa-um-homem-ferido-em-monteiro","status":"publish","type":"post","link":"https:\/\/www.caririemacao.com\/1\/2024\/03\/04\/acidente-entre-moto-e-caminhao-deixa-um-homem-ferido-em-monteiro\/","title":{"rendered":"Acidente entre moto e caminh\u00e3o deixa um homem ferido em Monteiro"},"content":{"rendered":"<p>No fim da tarde deste domingo (03), um homem de 47 anos de idade bateu em uma grade de caminh\u00e3o nas proximidades do Alto Posto Alvorada.<\/p>\n<p>De acordo com informa\u00e7\u00f5es, a v\u00edtima que estava sem capacete teve um corte muito profundo no membro superior direito. Ainda segundo relatos, a v\u00edtima perdeu o n\u00edvel de consci\u00eancia.<\/p>\n<p>O Servi\u00e7o de Atendimento M\u00f3vel de Urg\u00eancia (SAMU), agiu r\u00e1pido se deslocando at\u00e9 o local para iniciar o protocolo, e em seguida removendo a v\u00edtima para o Hospital Regional Santa Filomena.<\/p>\n<p>Devido a gravidade dos ferimentos, e ter perdido muito sangue, a v\u00edtima ficou internada na \u00e1rea vermelha para realiza\u00e7\u00e3o de exames.<\/p>\n<p>&nbsp;<\/p>\n<p><strong>CARIRI EM A\u00c7AO<\/strong><\/p>\n<p><em>Com Para\u00edba da Gente<\/em><\/p>\n","protected":false},"excerpt":{"rendered":"<p>No fim da tarde deste domingo (03), um homem de 47 anos de idade bateu em uma grade de caminh\u00e3o nas proximidades do Alto Posto&hellip; <\/p>\n","protected":false},"author":6,"featured_media":281057,"comment_status":"closed","ping_status":"closed","sticky":false,"template":"","format":"standard","meta":{"sfsi_plus_gutenberg_text_before_share":"","sfsi_plus_gutenberg_show_text_before_share":"","sfsi_plus_gutenberg_icon_type":"","sfsi_plus_gutenberg_icon_alignemt":"","sfsi_plus_gutenburg_max_per_row":"","footnotes":""},"categories":[50,81],"tags":[],"class_list":["post-281692","post","type-post","status-publish","format-standard","has-post-thumbnail","hentry","category-destaque","category-monteiro"],"_links":{"self":[{"href":"https:\/\/www.caririemacao.com\/1\/wp-json\/wp\/v2\/posts\/281692","targetHints":{"allow":["GET"]}}],"collection":[{"href":"https:\/\/www.caririemacao.com\/1\/wp-json\/wp\/v2\/posts"}],"about":[{"href":"https:\/\/www.caririemacao.com\/1\/wp-json\/wp\/v2\/types\/post"}],"author":[{"embeddable":true,"href":"https:\/\/www.caririemacao.com\/1\/wp-json\/wp\/v2\/users\/6"}],"replies":[{"embeddable":true,"href":"https:\/\/www.caririemacao.com\/1\/wp-json\/wp\/v2\/comments?post=281692"}],"version-history":[{"count":1,"href":"https:\/\/www.caririemacao.com\/1\/wp-json\/wp\/v2\/posts\/281692\/revisions"}],"predecessor-version":[{"id":281693,"href":"https:\/\/www.caririemacao.com\/1\/wp-json\/wp\/v2\/posts\/281692\/revisions\/281693"}],"wp:featuredmedia":[{"embeddable":true,"href":"https:\/\/www.caririemacao.com\/1\/wp-json\/wp\/v2\/media\/281057"}],"wp:attachment":[{"href":"https:\/\/www.caririemacao.com\/1\/wp-json\/wp\/v2\/media?parent=281692"}],"wp:term":[{"taxonomy":"category","embeddable":true,"href":"https:\/\/www.caririemacao.com\/1\/wp-json\/wp\/v2\/categories?post=281692"},{"taxonomy":"post_tag","embeddable":true,"href":"https:\/\/www.caririemacao.com\/1\/wp-json\/wp\/v2\/tags?post=281692"}],"curies":[{"name":"wp","href":"https:\/\/api.w.org\/{rel}","templated":true}]}}