{"id":28239,"date":"2017-09-10T12:24:06","date_gmt":"2017-09-10T15:24:06","guid":{"rendered":"http:\/\/caririemacao.com\/1\/?p=28239"},"modified":"2017-09-10T12:24:06","modified_gmt":"2017-09-10T15:24:06","slug":"crise-da-jf-afeta-pgr-e-pressiona-nova-equipe","status":"publish","type":"post","link":"https:\/\/www.caririemacao.com\/1\/2017\/09\/10\/crise-da-jf-afeta-pgr-e-pressiona-nova-equipe\/","title":{"rendered":"Crise da J&#038;F afeta PGR e pressiona nova equipe"},"content":{"rendered":"<p>A suspeita de jogo duplo do ex-procurador Marcelo Miller, que conversava com executivos da J&amp;F enquanto ainda ocupava uma cadeira no Minist\u00e9rio P\u00fablico Federal, abriu uma crise na c\u00fapula da Procuradoria-Geral da Rep\u00fablica e colocou press\u00e3o sobre a equipe que vai atuar com Raquel Dodge, sucessora do procurador-geral da Rep\u00fablica, Rodrigo Janot, a partir do dia 18.<\/p>\n<p>O clima que j\u00e1 era tenso desde maio, quando o atual procurador-geral pediu a pris\u00e3o de procurador da Rep\u00fablica \u00c2ngelo Goulart, flagrado passando informa\u00e7\u00f5es privilegiadas a um advogado, a sensa\u00e7\u00e3o foi de consterna\u00e7\u00e3o. Janot disse ter at\u00e9 vomitado quando Goulart foi preso.<\/p>\n<p>Agora, a situa\u00e7\u00e3o \u00e9 pior. Auxiliares pr\u00f3ximos do procurador-geral avaliam que a conduta de Miller \u00e9 grav\u00edssima. Ele teria sido \u201ccooptado\u201d pela J&amp;F para obstruir a Justi\u00e7a e vendeu a ideia de que poderia salvar Joesley Batista. Para um procurador pr\u00f3ximo a Janot, ele \u201cenganou todo mundo\u201d. A primeira palavra na c\u00fapula da PGR quando o nome do ex-colega \u00e9 mencionado \u00e9 \u201ctraidor\u201d.<\/p>\n<p>Na sexta-feira, Janot pediu a pris\u00e3o de Miller. Procurado, o ex-procurador afirmou que n\u00e3o cometeu \u201cqualquer crime ou ato de improbidade administrativa\u201d e est\u00e1 disposi\u00e7\u00e3o das autoridades\u201d. Para tentar evitar ser preso, os advogados colocaram neste s\u00e1bado seu passaporte \u00e0 disposi\u00e7\u00e3o da Justi\u00e7a. Para a defesa, n\u00e3o h\u00e1 raz\u00e3o para Miller ser mandado para a cadeia.<\/p>\n<p><strong>Altera\u00e7\u00f5es.<\/strong>\u00a0Janot vive seu momento mais tenso a frente da PGR, como o pr\u00f3prio definiu. A press\u00e3o criou uma instabilidade at\u00edpica no processo de transi\u00e7\u00e3o de comando da Procuradoria colocando ainda mais foco na equipe que se forma em torno de sua sucessora. Raquel j\u00e1 anunciou os principais nomes do seu time, mas restam inc\u00f3gnitas importantes, como a defini\u00e7\u00e3o do novo grupo de trabalho da Lava Jato \u2013 do qual Miller fez parte.<\/p>\n<p>Raquel pediu que Janot, com quem mant\u00e9m uma rela\u00e7\u00e3o apenas cordial, que convidasse os atuais integrantes do grupo para permanecer no posto. Mas a avalia\u00e7\u00e3o interna \u00e9 de que o convite foi apenas \u201cprotocolar\u201d. A futura procuradora-geral n\u00e3o pretende, a longo prazo, manter os integrantes da equipe montada pelo seu antecessor. Isso porque as suspeitas sobre Miller abriram brecha para que as cr\u00edticas de opositores de Janot no \u00f3rg\u00e3o ganhassem for\u00e7a.<\/p>\n<p>Desde os primeiros trope\u00e7os da principal opera\u00e7\u00e3o de corrup\u00e7\u00e3o do Pa\u00eds, o grupo cr\u00edtico faz quest\u00e3o de alardear nos corredores que ele n\u00e3o prestigiou a experi\u00eancia dos subprocuradores-gerais da Rep\u00fablica \u2013 muitos dos quais s\u00e3o seus contempor\u00e2neos \u2013, preferindo procuradores regionais. Com suas escolhas, Janot ampliou o n\u00famero de colegas de \u201cfora\u201d da PGR, o que motivou a censuras internas. A queda de Miller foi a tempestade perfeita para o ataque a equipe de Janot. Verborr\u00e1gico e pol\u00eamico, como avaliam ex-colegas da PGR, o ex-procurador despertava inimizades.<\/p>\n<p><strong>Equipe.\u00a0<\/strong>O grupo atual de trabalho da Lava Jato tem dez integrantes e \u00e9 coordenado pelo procurador S\u00e9rgio Bruno. At\u00e9 agora, Raquel anunciou dois nomes que entrar\u00e3o nele: Alexandre Espinosa e Jos\u00e9 Alfredo de Paula Silva. Ela tamb\u00e9m modificou a estrutura do gabinete, subordinando a equipe \u00e0 Raquel Branquinho \u2013 considerada linha dura na condu\u00e7\u00e3o de investiga\u00e7\u00f5es criminais. Os outros nomes v\u00e3o depender do desenrolar das pr\u00f3ximas semanas. Parte da equipe j\u00e1 sinalizou que n\u00e3o h\u00e1 clima para continuar.<\/p>\n<p>Na \u00faltima semana, Raquel evitou coment\u00e1rios p\u00fablicos sobre o imbr\u00f3glio J&amp;F\/Miller. Antes do in\u00edcio da sess\u00e3o do Conselho Superior do MPF, na ter\u00e7a-feira, Janot chamou Raquel em um canto e conversou com sua sucessora por cerca de cinco minutos. Ao fim da sess\u00e3o, em discurso, Janot se emocionou ao falar de dificuldades no cargo e disse a Raquel: \u201cNos momentos dif\u00edceis, n\u00e3o desanime; converse\u201d.<\/p>\n<p>Raquel tem evitado conversar. Ela costuma frisar que seu mandato s\u00f3 come\u00e7a a partir do dia 18. At\u00e9 l\u00e1, os problemas da casa s\u00e3o de Janot.<\/p>\n<p><strong>CARIRI EM A\u00c7\u00c3O<\/strong><\/p>\n<p><em>Com MSN\/Foto: Google<\/em><\/p>\n<p><strong>Leia mais not\u00edcias em\u00a0<\/strong><a href=\"http:\/\/www.caririemacao.com\/\"><strong>caririemacao.com<\/strong><\/a><strong>, siga nossa p\u00e1gina no\u00a0<\/strong><a href=\"https:\/\/www.facebook.com\/CaririEmAcao\/?ref=aymt_homepage_panel\"><strong>Facebook<\/strong><\/a>,<strong>\u00a0<\/strong><a href=\"https:\/\/www.instagram.com\/cariri_em_acao\/?hl=pt-br\"><strong>Instagram<\/strong><\/a><strong>\u00a0e <\/strong><a href=\"https:\/\/www.youtube.com\/channel\/UCAptA0jQuYQy8vMhLt2m4qg\"><strong>Youtube<\/strong><\/a><strong>\u00a0e veja nossas mat\u00e9rias, v\u00eddeos e fotos. Voc\u00ea tamb\u00e9m pode enviar informa\u00e7\u00f5es \u00e0 Reda\u00e7\u00e3o do Portal Cariri em A\u00e7\u00e3o pelo WhatsApp (83) 9 9634.5791, (83) 9 9601-1162.<\/strong><\/p>\n","protected":false},"excerpt":{"rendered":"<p>A suspeita de jogo duplo do ex-procurador Marcelo Miller, que conversava com executivos da J&amp;F enquanto ainda ocupava uma cadeira no Minist\u00e9rio P\u00fablico Federal, abriu&hellip; <\/p>\n","protected":false},"author":2,"featured_media":22550,"comment_status":"closed","ping_status":"closed","sticky":false,"template":"","format":"standard","meta":{"sfsi_plus_gutenberg_text_before_share":"","sfsi_plus_gutenberg_show_text_before_share":"","sfsi_plus_gutenberg_icon_type":"","sfsi_plus_gutenberg_icon_alignemt":"","sfsi_plus_gutenburg_max_per_row":"","footnotes":""},"categories":[11],"tags":[],"class_list":["post-28239","post","type-post","status-publish","format-standard","has-post-thumbnail","hentry","category-politica"],"_links":{"self":[{"href":"https:\/\/www.caririemacao.com\/1\/wp-json\/wp\/v2\/posts\/28239","targetHints":{"allow":["GET"]}}],"collection":[{"href":"https:\/\/www.caririemacao.com\/1\/wp-json\/wp\/v2\/posts"}],"about":[{"href":"https:\/\/www.caririemacao.com\/1\/wp-json\/wp\/v2\/types\/post"}],"author":[{"embeddable":true,"href":"https:\/\/www.caririemacao.com\/1\/wp-json\/wp\/v2\/users\/2"}],"replies":[{"embeddable":true,"href":"https:\/\/www.caririemacao.com\/1\/wp-json\/wp\/v2\/comments?post=28239"}],"version-history":[{"count":0,"href":"https:\/\/www.caririemacao.com\/1\/wp-json\/wp\/v2\/posts\/28239\/revisions"}],"wp:featuredmedia":[{"embeddable":true,"href":"https:\/\/www.caririemacao.com\/1\/wp-json\/wp\/v2\/media\/22550"}],"wp:attachment":[{"href":"https:\/\/www.caririemacao.com\/1\/wp-json\/wp\/v2\/media?parent=28239"}],"wp:term":[{"taxonomy":"category","embeddable":true,"href":"https:\/\/www.caririemacao.com\/1\/wp-json\/wp\/v2\/categories?post=28239"},{"taxonomy":"post_tag","embeddable":true,"href":"https:\/\/www.caririemacao.com\/1\/wp-json\/wp\/v2\/tags?post=28239"}],"curies":[{"name":"wp","href":"https:\/\/api.w.org\/{rel}","templated":true}]}}