{"id":28241,"date":"2017-09-10T12:28:22","date_gmt":"2017-09-10T15:28:22","guid":{"rendered":"http:\/\/caririemacao.com\/1\/?p=28241"},"modified":"2017-09-10T12:28:22","modified_gmt":"2017-09-10T15:28:22","slug":"palocci-divide-pt-sobre-plano-b-em-2018","status":"publish","type":"post","link":"https:\/\/www.caririemacao.com\/1\/2017\/09\/10\/palocci-divide-pt-sobre-plano-b-em-2018\/","title":{"rendered":"Palocci divide PT sobre \u2018plano B\u2019 em 2018"},"content":{"rendered":"<p>O depoimento do ex-ministro Antonio Palocci ao juiz S\u00e9rgio Moro n\u00e3o apenas fechou o cerco ao ex-presidente Luiz In\u00e1cio Lula da Silva como escancarou o racha no PT sobre quem encarnar\u00e1 o \u201cplano B\u201d para a elei\u00e7\u00e3o de 2018, caso ele seja impedido de entrar na disputa. Embora os petistas n\u00e3o admitam em p\u00fablico a possibilidade de a candidatura Lula ser inviabilizada politicamente ou juridicamente, h\u00e1 grande temor entre alguns dirigentes de que Palocci tenha reunido provas ou ind\u00edcios do que contou ao juiz S\u00e9rgio Moro na quarta-feira da semana passada.<\/p>\n<p>Segundo apurou o\u00a0<strong>Estado<\/strong>, se fechar um acordo de dela\u00e7\u00e3o premiada, Palocci detalhar\u00e1, com provas, a movimenta\u00e7\u00e3o financeira de campanhas eleitorais petistas e indicar\u00e1 quando e onde valores foram entregues ao partido e quem foi o respons\u00e1vel pela opera\u00e7\u00e3o. Ao contr\u00e1rio do que dizem dirigentes do PT e apoiadores de Lula, um advogado e dois amigos de Palocci afirmaram que ele est\u00e1 \u201cl\u00facido\u201d, \u201csereno\u201d e \u201caliviado\u201d com a confiss\u00e3o a Moro.<\/p>\n<p>H\u00e1 ainda a possibilidade de os relatos de Palocci serem corroborados pelo sucessor dele na Fazenda, Guido Mantega, que tamb\u00e9m negocia uma colabora\u00e7\u00e3o. Ao assumir para Moro que era o \u201cItaliano\u201d nas planilhas da propina da Odebrecht, petista fez as investiga\u00e7\u00f5es avan\u00e7arem diretamente rumo ao ex-presidente e complicou ainda mais a situa\u00e7\u00e3o jur\u00eddica e pol\u00edtica dele.<\/p>\n<p>Nos bastidores, o ex-prefeito de S\u00e3o Paulo Fernando Haddad seria o preferido de Lula para concorrer ao Planalto caso ele pr\u00f3prio seja inviabilizado. H\u00e1 d\u00favidas, por\u00e9m, se Haddad ter\u00e1 a \u201ccoragem\u201d suficiente, nas palavras de um dirigente, para dar as costas ao discurso \u00e9tico e defender o partido, um dos mais implicados no maior caso de corrup\u00e7\u00e3o da hist\u00f3ria do Pa\u00eds, o dos desvios na Petrobr\u00e1s.<\/p>\n<p>Alguns petistas acham que Haddad pode at\u00e9 apresentar reservas em defender Lula na intr\u00ednseca rela\u00e7\u00e3o de amizade e troca de favores com empreiteiros j\u00e1 condenados pela Justi\u00e7a.<\/p>\n<p>Al\u00e9m disso, Haddad \u00e9 definido por integrantes da c\u00fapula do PT como \u201cDilma de saia\u201d. Trata-se de uma refer\u00eancia ao que muitos classificam como falta de jogo de cintura pol\u00edtica da presidente cassada Dilma Rousseff. Na avalia\u00e7\u00e3o de dirigentes da sigla, principalmente os alinhados \u00e0 tend\u00eancia majorit\u00e1ria Construindo um Novo Brasil (CNB), tanto Haddad quanto Dilma s\u00e3o \u201cincontrol\u00e1veis\u201d.<\/p>\n<p>A favor de Haddad, no entanto, pesa a opini\u00e3o de Lula, que v\u00ea numa eventual candidatura do ex-prefeito condi\u00e7\u00f5es de produzir um discurso sob medida para a classe m\u00e9dia e a juventude desencantada.<\/p>\n<p><strong>\u2018Persegui\u00e7\u00e3o\u2019.<\/strong>\u00a0A atual estrat\u00e9gia do PT, no entanto, ainda consiste em embalar a pr\u00e9-campanha de Lula com a narrativa de que ele \u00e9 v\u00edtima de \u201cpersegui\u00e7\u00e3o pol\u00edtica\u201d. Na quarta-feira, o ex-presidente ser\u00e1 ouvido novamente pelo juiz S\u00e9rgio Moro \u2013 que j\u00e1 o condenou no caso do triplex \u2013, desta vez no processo referente a propinas pagas pela Odebrecht.<\/p>\n<p>A ideia do partido \u00e9 bater na tecla de que, se Lula n\u00e3o puder ser candidato, a elei\u00e7\u00e3o de 2018 n\u00e3o ter\u00e1 legitimidade.<\/p>\n<p>Para desestimular Haddad de disputar voos mais altos, um grupo do PT ofereceu a ele a candidatura ao Senado. Disc\u00edpulos do fogo amigo contra o ex-prefeito dizem, ainda, que o ex-ministro Jaques Wagner \u2013 hoje secret\u00e1rio estadual na Bahia \u2013 tem mais \u201cperfil\u201d para entrar no lugar de Lula, se for preciso.<\/p>\n<p>\u201cO plano A \u00e9 Lula e n\u00e3o existe essa hist\u00f3ria de plano B\u201d, diz Haddad, sempre que \u00e9 questionado sobre o assunto. \u201cO foco do PT, agora, deve ser lutar pela revis\u00e3o da senten\u00e7a que o condenou injustamente e descaracterizar o depoimento de Palocci, que n\u00e3o tem fundamento\u201d, afirma o ex-prefeito.<\/p>\n<p>A avalia\u00e7\u00e3o, no entanto, \u00e9 de que Palocci n\u00e3o teve a mesma \u201cestatura moral\u201d que o ex-ministro Jos\u00e9 Dirceu e os ex-tesoureiros do partido Del\u00fabio Soares e Jo\u00e3o Vaccari Neto, que mesmo depois de presos n\u00e3o \u201centregaram\u201d colegas. Para petistas, Palocci agiu de caso pensado para construir um discurso que agradasse ao Minist\u00e9rio P\u00fablico e Moro e, assim, agilizar as negocia\u00e7\u00f5es do acordo.<\/p>\n<p><strong>Expuls\u00e3o.\u00a0<\/strong>No PT j\u00e1 surgiram algumas vozes pedindo a expuls\u00e3o do ex-ministro, mas a c\u00fapula do partido afirma que o assunto n\u00e3o foi discutido e que, se entrar em pauta oficialmente, vai obedecer a todos os tr\u00e2mites com a garantia da ampla defesa.<\/p>\n<p>\u201cH\u00e1 uma troca de mensagens nas redes sociais entre militantes e dirigentes discutindo o momento mais oportuno para uma expuls\u00e3o. N\u00e3o deve demorar. Existe um consenso se formando\u201d, afirmou o deputado estadual Jos\u00e9 Am\u00e9rico (SP). Para o deputado, ao assumir a postura de delator, Palocci est\u00e1 dando \u201cadeus\u201d \u00e0 pol\u00edtica.<\/p>\n<p>A rea\u00e7\u00e3o ser\u00e1 manter a mobiliza\u00e7\u00e3o de apoio ao petista nas ruas. O pr\u00f3ximo passo ser\u00e1 mobilizar a milit\u00e2ncia para dar uma demonstra\u00e7\u00e3o de apoio a Lula em Curitiba na pr\u00f3xima quarta-feira quando ele estar\u00e1 novamente cara a cara com o juiz S\u00e9rgio Moro.<\/p>\n","protected":false},"excerpt":{"rendered":"<p>O depoimento do ex-ministro Antonio Palocci ao juiz S\u00e9rgio Moro n\u00e3o apenas fechou o cerco ao ex-presidente Luiz In\u00e1cio Lula da Silva como escancarou o&hellip; <\/p>\n","protected":false},"author":2,"featured_media":28242,"comment_status":"closed","ping_status":"closed","sticky":false,"template":"","format":"standard","meta":{"sfsi_plus_gutenberg_text_before_share":"","sfsi_plus_gutenberg_show_text_before_share":"","sfsi_plus_gutenberg_icon_type":"","sfsi_plus_gutenberg_icon_alignemt":"","sfsi_plus_gutenburg_max_per_row":"","footnotes":""},"categories":[11],"tags":[],"class_list":["post-28241","post","type-post","status-publish","format-standard","has-post-thumbnail","hentry","category-politica"],"_links":{"self":[{"href":"https:\/\/www.caririemacao.com\/1\/wp-json\/wp\/v2\/posts\/28241","targetHints":{"allow":["GET"]}}],"collection":[{"href":"https:\/\/www.caririemacao.com\/1\/wp-json\/wp\/v2\/posts"}],"about":[{"href":"https:\/\/www.caririemacao.com\/1\/wp-json\/wp\/v2\/types\/post"}],"author":[{"embeddable":true,"href":"https:\/\/www.caririemacao.com\/1\/wp-json\/wp\/v2\/users\/2"}],"replies":[{"embeddable":true,"href":"https:\/\/www.caririemacao.com\/1\/wp-json\/wp\/v2\/comments?post=28241"}],"version-history":[{"count":0,"href":"https:\/\/www.caririemacao.com\/1\/wp-json\/wp\/v2\/posts\/28241\/revisions"}],"wp:featuredmedia":[{"embeddable":true,"href":"https:\/\/www.caririemacao.com\/1\/wp-json\/wp\/v2\/media\/28242"}],"wp:attachment":[{"href":"https:\/\/www.caririemacao.com\/1\/wp-json\/wp\/v2\/media?parent=28241"}],"wp:term":[{"taxonomy":"category","embeddable":true,"href":"https:\/\/www.caririemacao.com\/1\/wp-json\/wp\/v2\/categories?post=28241"},{"taxonomy":"post_tag","embeddable":true,"href":"https:\/\/www.caririemacao.com\/1\/wp-json\/wp\/v2\/tags?post=28241"}],"curies":[{"name":"wp","href":"https:\/\/api.w.org\/{rel}","templated":true}]}}