{"id":28244,"date":"2017-09-10T12:33:33","date_gmt":"2017-09-10T15:33:33","guid":{"rendered":"http:\/\/caririemacao.com\/1\/?p=28244"},"modified":"2017-09-10T12:34:00","modified_gmt":"2017-09-10T15:34:00","slug":"analise-sem-acordo-entre-tucanos-dano-pode-ser-irreparavel","status":"publish","type":"post","link":"https:\/\/www.caririemacao.com\/1\/2017\/09\/10\/analise-sem-acordo-entre-tucanos-dano-pode-ser-irreparavel\/","title":{"rendered":"AN\u00c1LISE: Sem acordo entre tucanos, dano pode ser irrepar\u00e1vel"},"content":{"rendered":"<p>Tra\u00e7ar cen\u00e1rio pol\u00edtico tem sido uma tarefa desafiadora. O fator de instabilidade n\u00e3o tem sido apenas a Lava Jato, mas tamb\u00e9m tem a ver com os projetos de poder que se associam \u00e0s oportunidades conjunturais que o vazio decorrente da deteriora\u00e7\u00e3o do ambiente pol\u00edtico oferece. \u00c9 nesse contexto que o embate entre Geraldo Alckmin e Jo\u00e3o Doria pela vaga de candidato a presidente da Rep\u00fablica pelo PSDB se insere.<\/p>\n<p>Quem acompanhou o esfor\u00e7o empreendido por Alckmin para transformar Doria em prefeito de S\u00e3o Paulo, jamais imaginaria que os dois protagonizariam uma mesma disputa t\u00e3o rapidamente. O repentino sucesso de sua gest\u00e3o, amparado em uma de suas principais habilidades individuais \u2013 a de comunicador \u2013 al\u00e9m da nacionaliza\u00e7\u00e3o de sua imagem pessoal, que ocorreu apoiado em diversas medidas, dentre elas a propaganda indireta de a\u00e7\u00f5es da Prefeitura durante jogos da sele\u00e7\u00e3o brasileira paga por empres\u00e1rios-amigos, fez circular o nome de Doria como presidenci\u00e1vel. Assim, ele queimou a largada, assustou setores do PSDB com sua ambi\u00e7\u00e3o precoce e se colocou como express\u00e3o m\u00e1xima do antipetismo, passando a percorrer o Pa\u00eds para receber homenagens que logo foram transformadas em eventos de pr\u00e9-campanha.<\/p>\n<p>A ret\u00f3rica mais recente assumida por Jo\u00e3o Doria n\u00e3o aponta para um desfecho amig\u00e1vel. Questionado sobre suas pretens\u00f5es presidenciais ele afirma que o futuro a Deus pertence, fala que o povo \u00e9 quem definir\u00e1, recomenda que o PSDB escolha segundo a posi\u00e7\u00e3o nas pesquisas eleitorais e n\u00e3o nega a possibilidade de mudar de partido.<\/p>\n<p>Com a possibilidade de um acordo cada vez mais remota, salvo algum fato externo \u00e0 vontade de ambos, o dano desse conflito de poder para o PSDB pode ser irrepar\u00e1vel. Para Doria, sair do p\u00e1reo soaria como derrota pessoal, algo que n\u00e3o combina com o seu perfil. Alckmin, que j\u00e1 enfrentou tucanos de grosso calibre para impor o nome de Doria \u00e0 Prefeitura, certamente n\u00e3o abrir\u00e1 m\u00e3o justamente para algu\u00e9m que ele mesmo deu o impulso decisivo para se transformar em lideran\u00e7a pol\u00edtica que agora assume amplitude nacional.<\/p>\n<p><strong>CARIRI EM A\u00c7\u00c3O<\/strong><\/p>\n<p><em>Com Estad\u00e3o\/Foto: F\u00e1bio Vieira<\/em><\/p>\n<p><strong>Leia mais not\u00edcias em\u00a0<\/strong><a href=\"http:\/\/www.caririemacao.com\/\"><strong>caririemacao.com<\/strong><\/a><strong>, siga nossa p\u00e1gina no\u00a0<\/strong><a href=\"https:\/\/www.facebook.com\/CaririEmAcao\/?ref=aymt_homepage_panel\"><strong>Facebook<\/strong><\/a>,<strong>\u00a0<\/strong><a href=\"https:\/\/www.instagram.com\/cariri_em_acao\/?hl=pt-br\"><strong>Instagram<\/strong><\/a><strong>\u00a0e <\/strong><a href=\"https:\/\/www.youtube.com\/channel\/UCAptA0jQuYQy8vMhLt2m4qg\"><strong>Youtube<\/strong><\/a><strong>\u00a0e veja nossas mat\u00e9rias, v\u00eddeos e fotos. Voc\u00ea tamb\u00e9m pode enviar informa\u00e7\u00f5es \u00e0 Reda\u00e7\u00e3o do Portal Cariri em A\u00e7\u00e3o pelo WhatsApp (83) 9 9634.5791, (83) 9 9601-1162.<\/strong><\/p>\n","protected":false},"excerpt":{"rendered":"<p>Tra\u00e7ar cen\u00e1rio pol\u00edtico tem sido uma tarefa desafiadora. O fator de instabilidade n\u00e3o tem sido apenas a Lava Jato, mas tamb\u00e9m tem a ver com&hellip; <\/p>\n","protected":false},"author":2,"featured_media":28245,"comment_status":"closed","ping_status":"closed","sticky":false,"template":"","format":"standard","meta":{"sfsi_plus_gutenberg_text_before_share":"","sfsi_plus_gutenberg_show_text_before_share":"","sfsi_plus_gutenberg_icon_type":"","sfsi_plus_gutenberg_icon_alignemt":"","sfsi_plus_gutenburg_max_per_row":"","footnotes":""},"categories":[11],"tags":[],"class_list":["post-28244","post","type-post","status-publish","format-standard","has-post-thumbnail","hentry","category-politica"],"_links":{"self":[{"href":"https:\/\/www.caririemacao.com\/1\/wp-json\/wp\/v2\/posts\/28244","targetHints":{"allow":["GET"]}}],"collection":[{"href":"https:\/\/www.caririemacao.com\/1\/wp-json\/wp\/v2\/posts"}],"about":[{"href":"https:\/\/www.caririemacao.com\/1\/wp-json\/wp\/v2\/types\/post"}],"author":[{"embeddable":true,"href":"https:\/\/www.caririemacao.com\/1\/wp-json\/wp\/v2\/users\/2"}],"replies":[{"embeddable":true,"href":"https:\/\/www.caririemacao.com\/1\/wp-json\/wp\/v2\/comments?post=28244"}],"version-history":[{"count":0,"href":"https:\/\/www.caririemacao.com\/1\/wp-json\/wp\/v2\/posts\/28244\/revisions"}],"wp:featuredmedia":[{"embeddable":true,"href":"https:\/\/www.caririemacao.com\/1\/wp-json\/wp\/v2\/media\/28245"}],"wp:attachment":[{"href":"https:\/\/www.caririemacao.com\/1\/wp-json\/wp\/v2\/media?parent=28244"}],"wp:term":[{"taxonomy":"category","embeddable":true,"href":"https:\/\/www.caririemacao.com\/1\/wp-json\/wp\/v2\/categories?post=28244"},{"taxonomy":"post_tag","embeddable":true,"href":"https:\/\/www.caririemacao.com\/1\/wp-json\/wp\/v2\/tags?post=28244"}],"curies":[{"name":"wp","href":"https:\/\/api.w.org\/{rel}","templated":true}]}}