{"id":28257,"date":"2017-09-10T13:02:51","date_gmt":"2017-09-10T16:02:51","guid":{"rendered":"http:\/\/caririemacao.com\/1\/?p=28257"},"modified":"2017-09-10T13:02:51","modified_gmt":"2017-09-10T16:02:51","slug":"operacao-prende-15-pessoas-por-comercio-ilegal-de-aves-na-pb","status":"publish","type":"post","link":"https:\/\/www.caririemacao.com\/1\/2017\/09\/10\/operacao-prende-15-pessoas-por-comercio-ilegal-de-aves-na-pb\/","title":{"rendered":"Opera\u00e7\u00e3o prende 15 pessoas por com\u00e9rcio ilegal de aves, na PB"},"content":{"rendered":"<p>Uma opera\u00e7\u00e3o realizada desde a \u00faltima sexta-feira (8), nas cidades de Jo\u00e3o Pessoa, Santa Rita, Bayeux e Jacara\u00fa, resultou na pris\u00e3o de 15 pessoas e na apreens\u00e3o de 110 p\u00e1ssaros nativos que estavam em cativeiro ou sendo comercializados de forma ilegal em feiras livres.<strong><a href=\"http:\/\/portalcorreio.com.br\/noticias\/\" target=\"_blank\" rel=\"noopener\"><br \/>\n<\/a><\/strong><br \/>\nNa sexta-feira, um homem foi detido e 25 p\u00e1ssaros apreendidos na cidade de Jacara\u00fa, no Litoral Norte do estado, a 96 quil\u00f4metro da Capital.<\/p>\n<p>Nesse s\u00e1bado (9), as a\u00e7\u00f5es se concentraram nas cidades de Santa Rita e Bayeux, ambas na Grande Jo\u00e3o Pessoa, onde 44 p\u00e1ssaros foram apreendidos e 9 pessoas detidas por estarem com os animais em situa\u00e7\u00e3o ilegal. J\u00e1 neste domingo (10), a \u2018Opera\u00e7\u00e3o Voo Livre\u2019 aconteceu em Jo\u00e3o Pessoa, na feira de Oitizeiro. Na ocasi\u00e3o, 5 homens foram presos e 40 p\u00e1ssaros apreendidos.<\/p>\n<p>Os presos foram autuados na delegacia de pol\u00edcia por crime ambiental e poder\u00e3o ser condenados a pena que varia de seis meses a um ano. Tamb\u00e9m foram aplicadas multas que ultrapassaram R$ 20 mil.<\/p>\n<p>Todas as aves foram levadas para o Centro de Triagem de Animais Silvestres (CETAS), em Cabedelo, onde ser\u00e3o examinadas por bi\u00f3logos para depois serem soltas no seu habitat natural. Entre as esp\u00e9cies resgatadas est\u00e3o papa-capim, caboclinho, azul\u00e3o, curi\u00f3, coleira, galo de campina, sanha\u00e7o e sibito.<\/p>\n<p><strong>CARIRI EM A\u00c7\u00c3O<\/strong><\/p>\n<p><em>Com Portal Correio\/Foto: Divulga\u00e7\u00e3o \/ Assessoria<\/em><\/p>\n<p><strong>Leia mais not\u00edcias em\u00a0<\/strong><a href=\"http:\/\/www.caririemacao.com\/\"><strong>caririemacao.com<\/strong><\/a><strong>, siga nossa p\u00e1gina no\u00a0<\/strong><a href=\"https:\/\/www.facebook.com\/CaririEmAcao\/?ref=aymt_homepage_panel\"><strong>Facebook<\/strong><\/a>,<strong>\u00a0<\/strong><a href=\"https:\/\/www.instagram.com\/cariri_em_acao\/?hl=pt-br\"><strong>Instagram<\/strong><\/a><strong>\u00a0e <\/strong><a href=\"https:\/\/www.youtube.com\/channel\/UCAptA0jQuYQy8vMhLt2m4qg\"><strong>Youtube<\/strong><\/a><strong>\u00a0e veja nossas mat\u00e9rias, v\u00eddeos e fotos. Voc\u00ea tamb\u00e9m pode enviar informa\u00e7\u00f5es \u00e0 Reda\u00e7\u00e3o do Portal Cariri em A\u00e7\u00e3o pelo WhatsApp (83) 9 9634.5791, (83) 9 9601-1162.<\/strong><\/p>\n","protected":false},"excerpt":{"rendered":"<p>Uma opera\u00e7\u00e3o realizada desde a \u00faltima sexta-feira (8), nas cidades de Jo\u00e3o Pessoa, Santa Rita, Bayeux e Jacara\u00fa, resultou na pris\u00e3o de 15 pessoas e&hellip; <\/p>\n","protected":false},"author":2,"featured_media":28258,"comment_status":"closed","ping_status":"closed","sticky":false,"template":"","format":"standard","meta":{"sfsi_plus_gutenberg_text_before_share":"","sfsi_plus_gutenberg_show_text_before_share":"","sfsi_plus_gutenberg_icon_type":"","sfsi_plus_gutenberg_icon_alignemt":"","sfsi_plus_gutenburg_max_per_row":"","footnotes":""},"categories":[12],"tags":[],"class_list":["post-28257","post","type-post","status-publish","format-standard","has-post-thumbnail","hentry","category-policia"],"_links":{"self":[{"href":"https:\/\/www.caririemacao.com\/1\/wp-json\/wp\/v2\/posts\/28257","targetHints":{"allow":["GET"]}}],"collection":[{"href":"https:\/\/www.caririemacao.com\/1\/wp-json\/wp\/v2\/posts"}],"about":[{"href":"https:\/\/www.caririemacao.com\/1\/wp-json\/wp\/v2\/types\/post"}],"author":[{"embeddable":true,"href":"https:\/\/www.caririemacao.com\/1\/wp-json\/wp\/v2\/users\/2"}],"replies":[{"embeddable":true,"href":"https:\/\/www.caririemacao.com\/1\/wp-json\/wp\/v2\/comments?post=28257"}],"version-history":[{"count":0,"href":"https:\/\/www.caririemacao.com\/1\/wp-json\/wp\/v2\/posts\/28257\/revisions"}],"wp:featuredmedia":[{"embeddable":true,"href":"https:\/\/www.caririemacao.com\/1\/wp-json\/wp\/v2\/media\/28258"}],"wp:attachment":[{"href":"https:\/\/www.caririemacao.com\/1\/wp-json\/wp\/v2\/media?parent=28257"}],"wp:term":[{"taxonomy":"category","embeddable":true,"href":"https:\/\/www.caririemacao.com\/1\/wp-json\/wp\/v2\/categories?post=28257"},{"taxonomy":"post_tag","embeddable":true,"href":"https:\/\/www.caririemacao.com\/1\/wp-json\/wp\/v2\/tags?post=28257"}],"curies":[{"name":"wp","href":"https:\/\/api.w.org\/{rel}","templated":true}]}}