{"id":28260,"date":"2017-09-10T13:10:30","date_gmt":"2017-09-10T16:10:30","guid":{"rendered":"http:\/\/caririemacao.com\/1\/?p=28260"},"modified":"2017-09-10T13:10:30","modified_gmt":"2017-09-10T16:10:30","slug":"temer-coloca-embaixadas-a-disposicao-de-brasileiros-atingidos-por-irma","status":"publish","type":"post","link":"https:\/\/www.caririemacao.com\/1\/2017\/09\/10\/temer-coloca-embaixadas-a-disposicao-de-brasileiros-atingidos-por-irma\/","title":{"rendered":"Temer coloca embaixadas \u00e0 disposi\u00e7\u00e3o de brasileiros atingidos por Irma"},"content":{"rendered":"<p>O presidente Michel Temer colocou a rede de embaixadas e consulados brasileiros em \u201cestado de alerta\u201d para prestar todo o apoio necess\u00e1rio aos brasileiros afetados pelo furac\u00e3o\u00a0Irma, que j\u00e1 atingiu o\u00a0Sul da Fl\u00f3rida na manh\u00e3 deste domingo\u00a0(10). Em uma postagem no Twitter, Temer disse que est\u00e1 acompanhando a chegada do furac\u00e3o.<\/p>\n<div>\n<div><span class=\"ctaText\">Leia Tamb\u00e9m:\u00a0<\/span>\u00a0\u00a0<span class=\"postTitle\">Vacina\u00e7\u00e3o em queda no Brasil preocupa autoridades por risco de surtos e epidemias de doen\u00e7as fatais<\/span><\/div>\n<\/div>\n<p>\u201cEstou acompanhando com preocupa\u00e7\u00e3o a chegada do furac\u00e3o Irma \u00e0 Fl\u00f3rida. Minha solidariedade \u00e0 comunidade brasileira e a todos os afetados. Coloquei nossa rede de embaixadas e consulados em estado de alerta para prestar todo o apoio necess\u00e1rio aos brasileiros afetados\u201d, disse o presidente.<\/p>\n<p>O Irma deixou um rastro de pelo menos 25 mortos e consider\u00e1veis danos materiais no Caribe, e j\u00e1 tocou a terra neste domingo nas ilhotas da Fl\u00f3rida, no extremo Sul dos Estados Unidos, com ventos de at\u00e9 215 km\/h, informou o Centro Nacional de Furac\u00f5es (NHC).<\/p>\n<p><img fetchpriority=\"high\" decoding=\"async\" class=\"aligncenter wp-image-28261 \" src=\"http:\/\/caririemacao.com\/1\/wp-content\/uploads\/2017\/09\/printt.jpg\" alt=\"\" width=\"337\" height=\"217\" \/><\/p>\n<p><strong>CARIRI EM A\u00c7\u00c3O<\/strong><\/p>\n<p><em>Com Ag\u00eancia Brasil\/Foto: Google<\/em><\/p>\n<p><strong>Leia mais not\u00edcias em\u00a0<\/strong><a href=\"http:\/\/www.caririemacao.com\/\"><strong>caririemacao.com<\/strong><\/a><strong>, siga nossa p\u00e1gina no\u00a0<\/strong><a href=\"https:\/\/www.facebook.com\/CaririEmAcao\/?ref=aymt_homepage_panel\"><strong>Facebook<\/strong><\/a>,<strong>\u00a0<\/strong><a href=\"https:\/\/www.instagram.com\/cariri_em_acao\/?hl=pt-br\"><strong>Instagram<\/strong><\/a><strong>\u00a0e <\/strong><a href=\"https:\/\/www.youtube.com\/channel\/UCAptA0jQuYQy8vMhLt2m4qg\"><strong>Youtube<\/strong><\/a><strong>\u00a0e veja nossas mat\u00e9rias, v\u00eddeos e fotos. Voc\u00ea tamb\u00e9m pode enviar informa\u00e7\u00f5es \u00e0 Reda\u00e7\u00e3o do Portal Cariri em A\u00e7\u00e3o pelo WhatsApp (83) 9 9634.5791, (83) 9 9601-1162.<\/strong><\/p>\n","protected":false},"excerpt":{"rendered":"<p>O presidente Michel Temer colocou a rede de embaixadas e consulados brasileiros em \u201cestado de alerta\u201d para prestar todo o apoio necess\u00e1rio aos brasileiros afetados&hellip; <\/p>\n","protected":false},"author":2,"featured_media":6984,"comment_status":"closed","ping_status":"closed","sticky":false,"template":"","format":"standard","meta":{"sfsi_plus_gutenberg_text_before_share":"","sfsi_plus_gutenberg_show_text_before_share":"","sfsi_plus_gutenberg_icon_type":"","sfsi_plus_gutenberg_icon_alignemt":"","sfsi_plus_gutenburg_max_per_row":"","footnotes":""},"categories":[11],"tags":[],"class_list":["post-28260","post","type-post","status-publish","format-standard","has-post-thumbnail","hentry","category-politica"],"_links":{"self":[{"href":"https:\/\/www.caririemacao.com\/1\/wp-json\/wp\/v2\/posts\/28260","targetHints":{"allow":["GET"]}}],"collection":[{"href":"https:\/\/www.caririemacao.com\/1\/wp-json\/wp\/v2\/posts"}],"about":[{"href":"https:\/\/www.caririemacao.com\/1\/wp-json\/wp\/v2\/types\/post"}],"author":[{"embeddable":true,"href":"https:\/\/www.caririemacao.com\/1\/wp-json\/wp\/v2\/users\/2"}],"replies":[{"embeddable":true,"href":"https:\/\/www.caririemacao.com\/1\/wp-json\/wp\/v2\/comments?post=28260"}],"version-history":[{"count":0,"href":"https:\/\/www.caririemacao.com\/1\/wp-json\/wp\/v2\/posts\/28260\/revisions"}],"wp:featuredmedia":[{"embeddable":true,"href":"https:\/\/www.caririemacao.com\/1\/wp-json\/wp\/v2\/media\/6984"}],"wp:attachment":[{"href":"https:\/\/www.caririemacao.com\/1\/wp-json\/wp\/v2\/media?parent=28260"}],"wp:term":[{"taxonomy":"category","embeddable":true,"href":"https:\/\/www.caririemacao.com\/1\/wp-json\/wp\/v2\/categories?post=28260"},{"taxonomy":"post_tag","embeddable":true,"href":"https:\/\/www.caririemacao.com\/1\/wp-json\/wp\/v2\/tags?post=28260"}],"curies":[{"name":"wp","href":"https:\/\/api.w.org\/{rel}","templated":true}]}}