{"id":28263,"date":"2017-09-10T13:14:48","date_gmt":"2017-09-10T16:14:48","guid":{"rendered":"http:\/\/caririemacao.com\/1\/?p=28263"},"modified":"2017-09-10T13:14:48","modified_gmt":"2017-09-10T16:14:48","slug":"furacao-irma-atinge-sul-da-florida-e-deixa-ao-menos-um-morto","status":"publish","type":"post","link":"https:\/\/www.caririemacao.com\/1\/2017\/09\/10\/furacao-irma-atinge-sul-da-florida-e-deixa-ao-menos-um-morto\/","title":{"rendered":"Furac\u00e3o Irma atinge sul da Fl\u00f3rida e deixa ao menos um morto"},"content":{"rendered":"<p>O Irma causou sua primeira morte nos\u00a0Estados Unidos, ap\u00f3s chegar \u00e0 regi\u00e3o das Florida Keys, ilhas no extremo sul da Fl\u00f3rida. De acordo com a ABC News, um homem morreu em Monroe County, que abriga a cidade de Key West.<\/p>\n<p>O homem, que estava dirigindo um caminh\u00e3o que transportava um gerador, perdeu o controle ap\u00f3s ser atingido por fortes rajadas de vento. Antes de chegar aos Estados Unidos, o Irma deixou um rastro de 22 mortos em sua passagem pelo Caribe.<\/p>\n<p>O furac\u00e3o, que se fortaleceu novamente e voltou \u00e0 categoria 4, est\u00e1 gerando ventos de at\u00e9 215 km\/h em Key West.<\/p>\n<h3>Key West<\/h3>\n<p>Pouco ap\u00f3s 7h da manh\u00e3 (8h, no hor\u00e1rio de Bras\u00edlia) deste domingo, o olho do furac\u00e3o Irma chegou ao sul da Fl\u00f3rida. Ele est\u00e1 a cerca de 30 km de Key West, ilha que fica a cerca de 260 quil\u00f4metros de Miami. As informa\u00e7\u00f5es s\u00e3o do\u00a0National Weather Service.<\/p>\n<p>Imagens de moradores da cidade publicadas nas redes sociais mostram que as ruas j\u00e1 est\u00e3o alagadas e sofrem com fortes ventos.<\/p>\n<p><strong>CARIRI EM A\u00c7\u00c3O<\/strong><\/p>\n<p><em>Com VEJA.com\/Foto: Google<\/em><\/p>\n<p><strong>Leia mais not\u00edcias em\u00a0<\/strong><a href=\"http:\/\/www.caririemacao.com\/\"><strong>caririemacao.com<\/strong><\/a><strong>, siga nossa p\u00e1gina no\u00a0<\/strong><a href=\"https:\/\/www.facebook.com\/CaririEmAcao\/?ref=aymt_homepage_panel\"><strong>Facebook<\/strong><\/a>,<strong>\u00a0<\/strong><a href=\"https:\/\/www.instagram.com\/cariri_em_acao\/?hl=pt-br\"><strong>Instagram<\/strong><\/a><strong>\u00a0e <\/strong><a href=\"https:\/\/www.youtube.com\/channel\/UCAptA0jQuYQy8vMhLt2m4qg\"><strong>Youtube<\/strong><\/a><strong>\u00a0e veja nossas mat\u00e9rias, v\u00eddeos e fotos. Voc\u00ea tamb\u00e9m pode enviar informa\u00e7\u00f5es \u00e0 Reda\u00e7\u00e3o do Portal Cariri em A\u00e7\u00e3o pelo WhatsApp (83) 9 9634.5791, (83) 9 9601-1162.<\/strong><\/p>\n","protected":false},"excerpt":{"rendered":"<p>O Irma causou sua primeira morte nos\u00a0Estados Unidos, ap\u00f3s chegar \u00e0 regi\u00e3o das Florida Keys, ilhas no extremo sul da Fl\u00f3rida. De acordo com a&hellip; <\/p>\n","protected":false},"author":2,"featured_media":28264,"comment_status":"closed","ping_status":"closed","sticky":false,"template":"","format":"standard","meta":{"sfsi_plus_gutenberg_text_before_share":"","sfsi_plus_gutenberg_show_text_before_share":"","sfsi_plus_gutenberg_icon_type":"","sfsi_plus_gutenberg_icon_alignemt":"","sfsi_plus_gutenburg_max_per_row":"","footnotes":""},"categories":[2],"tags":[],"class_list":["post-28263","post","type-post","status-publish","format-standard","has-post-thumbnail","hentry","category-geral"],"_links":{"self":[{"href":"https:\/\/www.caririemacao.com\/1\/wp-json\/wp\/v2\/posts\/28263","targetHints":{"allow":["GET"]}}],"collection":[{"href":"https:\/\/www.caririemacao.com\/1\/wp-json\/wp\/v2\/posts"}],"about":[{"href":"https:\/\/www.caririemacao.com\/1\/wp-json\/wp\/v2\/types\/post"}],"author":[{"embeddable":true,"href":"https:\/\/www.caririemacao.com\/1\/wp-json\/wp\/v2\/users\/2"}],"replies":[{"embeddable":true,"href":"https:\/\/www.caririemacao.com\/1\/wp-json\/wp\/v2\/comments?post=28263"}],"version-history":[{"count":0,"href":"https:\/\/www.caririemacao.com\/1\/wp-json\/wp\/v2\/posts\/28263\/revisions"}],"wp:featuredmedia":[{"embeddable":true,"href":"https:\/\/www.caririemacao.com\/1\/wp-json\/wp\/v2\/media\/28264"}],"wp:attachment":[{"href":"https:\/\/www.caririemacao.com\/1\/wp-json\/wp\/v2\/media?parent=28263"}],"wp:term":[{"taxonomy":"category","embeddable":true,"href":"https:\/\/www.caririemacao.com\/1\/wp-json\/wp\/v2\/categories?post=28263"},{"taxonomy":"post_tag","embeddable":true,"href":"https:\/\/www.caririemacao.com\/1\/wp-json\/wp\/v2\/tags?post=28263"}],"curies":[{"name":"wp","href":"https:\/\/api.w.org\/{rel}","templated":true}]}}