{"id":28269,"date":"2017-09-10T13:23:48","date_gmt":"2017-09-10T16:23:48","guid":{"rendered":"http:\/\/caririemacao.com\/1\/?p=28269"},"modified":"2017-09-10T13:23:48","modified_gmt":"2017-09-10T16:23:48","slug":"pt-deve-estar-junto-com-rc-em-2018-diz-frei-anastacio","status":"publish","type":"post","link":"https:\/\/www.caririemacao.com\/1\/2017\/09\/10\/pt-deve-estar-junto-com-rc-em-2018-diz-frei-anastacio\/","title":{"rendered":"PT deve &#8216;estar junto&#8217; com RC em 2018, diz Frei Anast\u00e1cio"},"content":{"rendered":"<p>O deputado Frei Anast\u00e1cio admite que o PT deve marchar unido com o governador Ricardo Coutinho (PSB) nas elei\u00e7\u00f5es do pr\u00f3ximo ano, mas destaca a necessidade de discutir a possibilidade de o partido ter que dividir espa\u00e7o com outras legendas, como o Democratas. O parlamentar considera o nome do secret\u00e1rio de Recursos H\u00eddricos, Jo\u00e3o Azevedo, \u00e9 bom para a disputa, mas lembra que PT e DEM s\u00e3o de ideologias diferentes.<\/p>\n<p>\u201cO PT \u00e9 aliado do PSB e possivelmente estaremos juntos na elei\u00e7\u00e3o de 2018 ao governo do estado com a candidatura que for apresentada\u201d, garantiu o deputado que continuou: \u201cA pre\u00e7o de hoje n\u00e3o vejo outra possibilidade a n\u00e3o ser estar junto a candidatura que o governador apresentar\u201d, disse referindo-se ao nome do secret\u00e1rio de Estado.<\/p>\n<p>Na avalia\u00e7\u00e3o do parlamentar o atual governo \u00e9 \u201coperante e tem feito uma boa administra\u00e7\u00e3o\u201d. \u201cO candidato que ele (Ricardo Coutinho) apresenta, ao meu ver, est\u00e1 a altura de continuar o trabalho do governador\u201d, destaca. Sobre a presen\u00e7a do DEM na chapa, Frei Anast\u00e1cio avalia que \u201cisso \u00e9 uma quest\u00e3o a discutir\u201d.<\/p>\n<p><strong>CARIRI EM A\u00c7\u00c3O<\/strong><\/p>\n<p><em>Com Blog do Gordinho \/Foto: Google<\/em><\/p>\n<p><strong>Leia mais not\u00edcias em\u00a0<\/strong><a href=\"http:\/\/www.caririemacao.com\/\"><strong>caririemacao.com<\/strong><\/a><strong>, siga nossa p\u00e1gina no\u00a0<\/strong><a href=\"https:\/\/www.facebook.com\/CaririEmAcao\/?ref=aymt_homepage_panel\"><strong>Facebook<\/strong><\/a>,<strong>\u00a0<\/strong><a href=\"https:\/\/www.instagram.com\/cariri_em_acao\/?hl=pt-br\"><strong>Instagram<\/strong><\/a><strong>\u00a0e <\/strong><a href=\"https:\/\/www.youtube.com\/channel\/UCAptA0jQuYQy8vMhLt2m4qg\"><strong>Youtube<\/strong><\/a><strong>\u00a0e veja nossas mat\u00e9rias, v\u00eddeos e fotos. Voc\u00ea tamb\u00e9m pode enviar informa\u00e7\u00f5es \u00e0 Reda\u00e7\u00e3o do Portal Cariri em A\u00e7\u00e3o pelo WhatsApp (83) 9 9634.5791, (83) 9 9601-1162.<\/strong><\/p>\n","protected":false},"excerpt":{"rendered":"<p>O deputado Frei Anast\u00e1cio admite que o PT deve marchar unido com o governador Ricardo Coutinho (PSB) nas elei\u00e7\u00f5es do pr\u00f3ximo ano, mas destaca a&hellip; <\/p>\n","protected":false},"author":2,"featured_media":17054,"comment_status":"closed","ping_status":"closed","sticky":false,"template":"","format":"standard","meta":{"sfsi_plus_gutenberg_text_before_share":"","sfsi_plus_gutenberg_show_text_before_share":"","sfsi_plus_gutenberg_icon_type":"","sfsi_plus_gutenberg_icon_alignemt":"","sfsi_plus_gutenburg_max_per_row":"","footnotes":""},"categories":[2],"tags":[],"class_list":["post-28269","post","type-post","status-publish","format-standard","has-post-thumbnail","hentry","category-geral"],"_links":{"self":[{"href":"https:\/\/www.caririemacao.com\/1\/wp-json\/wp\/v2\/posts\/28269","targetHints":{"allow":["GET"]}}],"collection":[{"href":"https:\/\/www.caririemacao.com\/1\/wp-json\/wp\/v2\/posts"}],"about":[{"href":"https:\/\/www.caririemacao.com\/1\/wp-json\/wp\/v2\/types\/post"}],"author":[{"embeddable":true,"href":"https:\/\/www.caririemacao.com\/1\/wp-json\/wp\/v2\/users\/2"}],"replies":[{"embeddable":true,"href":"https:\/\/www.caririemacao.com\/1\/wp-json\/wp\/v2\/comments?post=28269"}],"version-history":[{"count":0,"href":"https:\/\/www.caririemacao.com\/1\/wp-json\/wp\/v2\/posts\/28269\/revisions"}],"wp:featuredmedia":[{"embeddable":true,"href":"https:\/\/www.caririemacao.com\/1\/wp-json\/wp\/v2\/media\/17054"}],"wp:attachment":[{"href":"https:\/\/www.caririemacao.com\/1\/wp-json\/wp\/v2\/media?parent=28269"}],"wp:term":[{"taxonomy":"category","embeddable":true,"href":"https:\/\/www.caririemacao.com\/1\/wp-json\/wp\/v2\/categories?post=28269"},{"taxonomy":"post_tag","embeddable":true,"href":"https:\/\/www.caririemacao.com\/1\/wp-json\/wp\/v2\/tags?post=28269"}],"curies":[{"name":"wp","href":"https:\/\/api.w.org\/{rel}","templated":true}]}}