{"id":28271,"date":"2017-09-10T13:28:43","date_gmt":"2017-09-10T16:28:43","guid":{"rendered":"http:\/\/caririemacao.com\/1\/?p=28271"},"modified":"2017-09-10T13:28:43","modified_gmt":"2017-09-10T16:28:43","slug":"hospital-de-trauma-arrecada-brinquedos-para-o-dia-das-criancas","status":"publish","type":"post","link":"https:\/\/www.caririemacao.com\/1\/2017\/09\/10\/hospital-de-trauma-arrecada-brinquedos-para-o-dia-das-criancas\/","title":{"rendered":"Hospital de Trauma arrecada brinquedos para o Dia das Crian\u00e7as"},"content":{"rendered":"<section class=\"l-noticia\">Para comemorar o Dia das Crian\u00e7as, celebrado no dia 12 de outubro, e a reestrutura\u00e7\u00e3o da brinquedoteca, o Hospital de Emerg\u00eancia e Trauma de Campina Grande, lan\u00e7a nesta ter\u00e7a-feira (12), \u00e0s 10h30, a campanha Brincar \u00e9 o Melhor Rem\u00e9dio.<\/p>\n<p>Todos os brinquedos arrecadados ser\u00e3o doados \u00e0s crian\u00e7as internadas ou ficar\u00e3o dispon\u00edveis na brinquedoteca. Com as doa\u00e7\u00f5es, \u00e0s crian\u00e7as ser\u00e3o presenteadas no dia 12 de outubro e tamb\u00e9m 25 de dezembro.<\/p>\n<p>A brinquedoteca tem o objetivo de tornar o ambiente mais alegre, proporcionando melhores condi\u00e7\u00f5es para recupera\u00e7\u00e3o das crian\u00e7as. Nesse espa\u00e7o, atrav\u00e9s de atividades l\u00fadicas, elas deixam um pouco de lado a realidade hospitalar.<\/p>\n<p>De acordo com a coordenadora do setor de Psicologia, Jeanny Morais, \u00e9 comprovado que ao brincar a crian\u00e7a estabelece trocas afetivas com o meio, resolve seus conflitos e restabelece seu equil\u00edbrio emocional, fato primordial na melhora do seu quadro cl\u00ednico.<\/p>\n<p>As doa\u00e7\u00f5es podem ser realizadas at\u00e9 o dia 12 de outubro diretamente no Hospital de Emerg\u00eancia e Trauma Dom Lu\u00eds Gonzaga Fernandes, no bairro das Malvinas. Outras informa\u00e7\u00f5es tamb\u00e9m podem ser obtidas atrav\u00e9s do telefone (83) 3310-5850 \u2013 ramal 5917.<\/p>\n<p><b>Dicas<\/b><\/p>\n<p>Os brinquedos para doa\u00e7\u00e3o podem ser novos ou seminovos. Se usados, verificar o bom estado de conserva\u00e7\u00e3o dos mesmos. Os volunt\u00e1rios devem ficar atentos a algumas recomenda\u00e7\u00f5es na hora de comprar. A prefer\u00eancia \u00e9 por brinquedos de pl\u00e1stico, que possam ser lavados e n\u00e3o possuam pe\u00e7as pequenas, para evitar acidentes dom\u00e9sticos.<\/p>\n<p>Aten\u00e7\u00e3o: devido aos crit\u00e9rios de higieniza\u00e7\u00e3o, n\u00e3o podem ser doados brinquedos de pano ou pel\u00facia em fun\u00e7\u00e3o da f\u00e1cil prolifera\u00e7\u00e3o de germes e bact\u00e9rias que estes materiais possibilitam.<\/p>\n<p><b>Estrutura<\/b><\/p>\n<p>O Hospital de Emerg\u00eancia e Trauma de Campina Grande disponibiliza 33 leitos na enfermaria pedi\u00e1trica e seis na observa\u00e7\u00e3o. Outros dez leitos funcionam na Unidade de Terapia Intensiva (UTI) e quatro na Unidade de Tratamento de Queimados (UTQ).<\/p>\n<p><strong>CARIRI EM A\u00c7\u00c3O<\/strong><\/p>\n<p><em>Com Para\u00edba.com.br\/Foto: Google<\/em><\/p>\n<p><strong>Leia mais not\u00edcias em\u00a0<\/strong><a href=\"http:\/\/www.caririemacao.com\/\"><strong>caririemacao.com<\/strong><\/a><strong>, siga nossa p\u00e1gina no\u00a0<\/strong><a href=\"https:\/\/www.facebook.com\/CaririEmAcao\/?ref=aymt_homepage_panel\"><strong>Facebook<\/strong><\/a>,<strong>\u00a0<\/strong><a href=\"https:\/\/www.instagram.com\/cariri_em_acao\/?hl=pt-br\"><strong>Instagram<\/strong><\/a><strong>\u00a0e <\/strong><a href=\"https:\/\/www.youtube.com\/channel\/UCAptA0jQuYQy8vMhLt2m4qg\"><strong>Youtube<\/strong><\/a><strong>\u00a0e veja nossas mat\u00e9rias, v\u00eddeos e fotos. Voc\u00ea tamb\u00e9m pode enviar informa\u00e7\u00f5es \u00e0 Reda\u00e7\u00e3o do Portal Cariri em A\u00e7\u00e3o pelo WhatsApp (83) 9 9634.5791, (83) 9 9601-1162.<\/strong><\/p>\n<\/section>\n","protected":false},"excerpt":{"rendered":"<p>Para comemorar o Dia das Crian\u00e7as, celebrado no dia 12 de outubro, e a reestrutura\u00e7\u00e3o da brinquedoteca, o Hospital de Emerg\u00eancia e Trauma de Campina&hellip; <\/p>\n","protected":false},"author":2,"featured_media":28272,"comment_status":"closed","ping_status":"closed","sticky":false,"template":"","format":"standard","meta":{"sfsi_plus_gutenberg_text_before_share":"","sfsi_plus_gutenberg_show_text_before_share":"","sfsi_plus_gutenberg_icon_type":"","sfsi_plus_gutenberg_icon_alignemt":"","sfsi_plus_gutenburg_max_per_row":"","footnotes":""},"categories":[2],"tags":[],"class_list":["post-28271","post","type-post","status-publish","format-standard","has-post-thumbnail","hentry","category-geral"],"_links":{"self":[{"href":"https:\/\/www.caririemacao.com\/1\/wp-json\/wp\/v2\/posts\/28271","targetHints":{"allow":["GET"]}}],"collection":[{"href":"https:\/\/www.caririemacao.com\/1\/wp-json\/wp\/v2\/posts"}],"about":[{"href":"https:\/\/www.caririemacao.com\/1\/wp-json\/wp\/v2\/types\/post"}],"author":[{"embeddable":true,"href":"https:\/\/www.caririemacao.com\/1\/wp-json\/wp\/v2\/users\/2"}],"replies":[{"embeddable":true,"href":"https:\/\/www.caririemacao.com\/1\/wp-json\/wp\/v2\/comments?post=28271"}],"version-history":[{"count":0,"href":"https:\/\/www.caririemacao.com\/1\/wp-json\/wp\/v2\/posts\/28271\/revisions"}],"wp:featuredmedia":[{"embeddable":true,"href":"https:\/\/www.caririemacao.com\/1\/wp-json\/wp\/v2\/media\/28272"}],"wp:attachment":[{"href":"https:\/\/www.caririemacao.com\/1\/wp-json\/wp\/v2\/media?parent=28271"}],"wp:term":[{"taxonomy":"category","embeddable":true,"href":"https:\/\/www.caririemacao.com\/1\/wp-json\/wp\/v2\/categories?post=28271"},{"taxonomy":"post_tag","embeddable":true,"href":"https:\/\/www.caririemacao.com\/1\/wp-json\/wp\/v2\/tags?post=28271"}],"curies":[{"name":"wp","href":"https:\/\/api.w.org\/{rel}","templated":true}]}}