{"id":28283,"date":"2017-09-11T14:18:26","date_gmt":"2017-09-11T17:18:26","guid":{"rendered":"http:\/\/caririemacao.com\/1\/?p=28283"},"modified":"2017-09-11T14:19:00","modified_gmt":"2017-09-11T17:19:00","slug":"comeca-campanha-de-multivacinacao-na-paraiba-veja-doses-e-como-vai-funcionar","status":"publish","type":"post","link":"https:\/\/www.caririemacao.com\/1\/2017\/09\/11\/comeca-campanha-de-multivacinacao-na-paraiba-veja-doses-e-como-vai-funcionar\/","title":{"rendered":"Come\u00e7a campanha de multivacina\u00e7\u00e3o na Para\u00edba; veja doses e como vai funcionar"},"content":{"rendered":"<p>Os 42 munic\u00edpios que fazem parte da 3\u00aa Ger\u00eancia Regional de Sa\u00fade (GRS) iniciam nesta segunda-feira (11) a Campanha de Multivacina\u00e7\u00e3o, que prossegue at\u00e9 o s\u00e1bado (16), quando ser\u00e1 realizado o Dia D. A campanha n\u00e3o possui meta, uma vez que tem como principal objetivo a atualiza\u00e7\u00e3o das vacinas que estejam em atraso das crian\u00e7as que tenham de 0 a 4 anos, 11 meses e 29 dias, e de 9 a 16 anos de idade.<\/p>\n<p>Para as crian\u00e7as menores ser\u00e3o oferecidas vacinas como: Tetravalente, Pentavalente, VIP (Vacina Inativada Poliomielite), VOP (Vacina Oral Poliomielite) e Tr\u00edplice Viral (sarampo, caxumba e rub\u00e9ola), al\u00e9m de outras que estejam em atraso. Para as crian\u00e7as maiores e adolescentes, as doses de Meningite, Hepatites B e C, T\u00e9tano e HPV.<\/p>\n<p>Durante a campanha, os pais ou respons\u00e1veis devem levar as crian\u00e7as e adolescentes \u00e0s unidades de sa\u00fade dos seus munic\u00edpios com o cart\u00e3o de vacina\u00e7\u00e3o para que ele seja atualizado, conforme orienta\u00e7\u00e3o da coordenadora de Imuniza\u00e7\u00e3o da 3\u00aa GRS, Ana Maria Alves de Moraes.<\/p>\n<p>Caso a crian\u00e7a ou adolescente tenha deixado de tomar alguma vacina oferecida pelo Calend\u00e1rio Nacional de Vacina\u00e7\u00e3o, as doses ser\u00e3o atualizadas. No Dia D, as unidades de sa\u00fade estar\u00e3o funcionando durante todo o dia.<\/p>\n<p>No \u00faltimo dia 30, representantes dos 42 munic\u00edpios participaram de uma reuni\u00e3o em Campina Grande, sede da 3\u00aa GRS, que definiu as estrat\u00e9gias para a Campanha de Multivacina\u00e7\u00e3o.<\/p>\n<p><strong>CARIRI EM A\u00c7\u00c3O<\/strong><\/p>\n<p><em>Com Portal Correio \u00a0\/Foto: Google<\/em><\/p>\n<p><strong>Leia mais not\u00edcias em\u00a0<\/strong><a href=\"http:\/\/www.caririemacao.com\/\"><strong>caririemacao.com<\/strong><\/a><strong>, siga nossa p\u00e1gina no\u00a0<\/strong><a href=\"https:\/\/www.facebook.com\/CaririEmAcao\/?ref=aymt_homepage_panel\"><strong>Facebook<\/strong><\/a>,<strong>\u00a0<\/strong><a href=\"https:\/\/www.instagram.com\/cariri_em_acao\/?hl=pt-br\"><strong>Instagram<\/strong><\/a><strong>\u00a0e <\/strong><a href=\"https:\/\/www.youtube.com\/channel\/UCAptA0jQuYQy8vMhLt2m4qg\"><strong>Youtube<\/strong><\/a><strong>\u00a0e veja nossas mat\u00e9rias, v\u00eddeos e fotos. Voc\u00ea tamb\u00e9m pode enviar informa\u00e7\u00f5es \u00e0 Reda\u00e7\u00e3o do Portal Cariri em A\u00e7\u00e3o pelo WhatsApp (83) 9 9634.5791, (83) 9 9601-1162.<\/strong><\/p>\n","protected":false},"excerpt":{"rendered":"<p>Os 42 munic\u00edpios que fazem parte da 3\u00aa Ger\u00eancia Regional de Sa\u00fade (GRS) iniciam nesta segunda-feira (11) a Campanha de Multivacina\u00e7\u00e3o, que prossegue at\u00e9 o&hellip; <\/p>\n","protected":false},"author":2,"featured_media":23862,"comment_status":"closed","ping_status":"closed","sticky":false,"template":"","format":"standard","meta":{"sfsi_plus_gutenberg_text_before_share":"","sfsi_plus_gutenberg_show_text_before_share":"","sfsi_plus_gutenberg_icon_type":"","sfsi_plus_gutenberg_icon_alignemt":"","sfsi_plus_gutenburg_max_per_row":"","footnotes":""},"categories":[2],"tags":[],"class_list":["post-28283","post","type-post","status-publish","format-standard","has-post-thumbnail","hentry","category-geral"],"_links":{"self":[{"href":"https:\/\/www.caririemacao.com\/1\/wp-json\/wp\/v2\/posts\/28283","targetHints":{"allow":["GET"]}}],"collection":[{"href":"https:\/\/www.caririemacao.com\/1\/wp-json\/wp\/v2\/posts"}],"about":[{"href":"https:\/\/www.caririemacao.com\/1\/wp-json\/wp\/v2\/types\/post"}],"author":[{"embeddable":true,"href":"https:\/\/www.caririemacao.com\/1\/wp-json\/wp\/v2\/users\/2"}],"replies":[{"embeddable":true,"href":"https:\/\/www.caririemacao.com\/1\/wp-json\/wp\/v2\/comments?post=28283"}],"version-history":[{"count":0,"href":"https:\/\/www.caririemacao.com\/1\/wp-json\/wp\/v2\/posts\/28283\/revisions"}],"wp:featuredmedia":[{"embeddable":true,"href":"https:\/\/www.caririemacao.com\/1\/wp-json\/wp\/v2\/media\/23862"}],"wp:attachment":[{"href":"https:\/\/www.caririemacao.com\/1\/wp-json\/wp\/v2\/media?parent=28283"}],"wp:term":[{"taxonomy":"category","embeddable":true,"href":"https:\/\/www.caririemacao.com\/1\/wp-json\/wp\/v2\/categories?post=28283"},{"taxonomy":"post_tag","embeddable":true,"href":"https:\/\/www.caririemacao.com\/1\/wp-json\/wp\/v2\/tags?post=28283"}],"curies":[{"name":"wp","href":"https:\/\/api.w.org\/{rel}","templated":true}]}}