{"id":28288,"date":"2017-09-11T14:23:54","date_gmt":"2017-09-11T17:23:54","guid":{"rendered":"http:\/\/caririemacao.com\/1\/?p=28288"},"modified":"2017-09-11T14:24:51","modified_gmt":"2017-09-11T17:24:51","slug":"irma-governo-manda-aviao-da-fab-recolher-brasileiros-no-caribe","status":"publish","type":"post","link":"https:\/\/www.caririemacao.com\/1\/2017\/09\/11\/irma-governo-manda-aviao-da-fab-recolher-brasileiros-no-caribe\/","title":{"rendered":"Irma: governo manda avi\u00e3o da FAB recolher brasileiros no Caribe"},"content":{"rendered":"<p>O Minist\u00e9rio das Rela\u00e7\u00f5es Exteriores informou, por meio de nota na noite deste domingo, que vai enviar um avi\u00e3o da FAB (For\u00e7a A\u00e9rea Brasileira) para buscar brasileiros que ficaram isolados em ilhas do\u00a0Caribe\u00a0ap\u00f3s a passagem do furac\u00e3o\u00a0Irma.<\/p>\n<p>Segundo a pasta, foram identificados mais de 60 brasileiros em tr\u00eas ilhas que sofreram colapso total ou parcial de sua infraestrutura nos \u00faltimos dias: cerca de 30 em Saint Martin, 22 em Tortola e onze em Turcas e Caicos.<\/p>\n<p>O\u00a0governo\u00a0informou que alguns dos brasileiros isolados na regi\u00e3o j\u00e1 foram auxiliados por outros pa\u00edses, como\u00a0Fran\u00e7a\u00a0e\u00a0Reino Unido, e que um avi\u00e3o da FAB dever\u00e1 ser enviado para Saint Martin nesta ter\u00e7a-feira.<\/p>\n<p>\u201cEst\u00e3o em curso entendimentos com vistas a possibilitar a retirada dos nacionais que se encontram em territ\u00f3rios brit\u00e2nicos, em coordena\u00e7\u00e3o com o governo do Reino Unido, uma vez que a pista do aeroporto de Tortola n\u00e3o permite aterrissagem nas condi\u00e7\u00f5es atuais\u201d, completa a nota do Itamaraty.<\/p>\n<p>O Irma chegou \u00e0\u00a0Fl\u00f3rida\u00a0neste domingo depois de arrasar parte do Caribe como um furac\u00e3o de categoria 5. Na noite deste domingo, o furac\u00e3o j\u00e1 havia sido reclassificado para a categoria 2.<\/p>\n<p><strong>CARIRI EM A\u00c7\u00c3O<\/strong><\/p>\n<p><em>Com Veja.com \/Foto: \u00a0AFP<\/em><\/p>\n<p><strong>Leia mais not\u00edcias em\u00a0caririemacao.com, siga nossa p\u00e1gina no\u00a0Facebook,\u00a0Instagram\u00a0e Youtube\u00a0e veja nossas mat\u00e9rias, v\u00eddeos e fotos. Voc\u00ea tamb\u00e9m pode enviar informa\u00e7\u00f5es \u00e0 Reda\u00e7\u00e3o do Portal Cariri em A\u00e7\u00e3o pelo WhatsApp (83) 9 9634.5791, (83) 9 9601-1162.<\/strong><\/p>\n","protected":false},"excerpt":{"rendered":"<p>O Minist\u00e9rio das Rela\u00e7\u00f5es Exteriores informou, por meio de nota na noite deste domingo, que vai enviar um avi\u00e3o da FAB (For\u00e7a A\u00e9rea Brasileira) para&hellip; <\/p>\n","protected":false},"author":2,"featured_media":28289,"comment_status":"closed","ping_status":"closed","sticky":false,"template":"","format":"standard","meta":{"sfsi_plus_gutenberg_text_before_share":"","sfsi_plus_gutenberg_show_text_before_share":"","sfsi_plus_gutenberg_icon_type":"","sfsi_plus_gutenberg_icon_alignemt":"","sfsi_plus_gutenburg_max_per_row":"","footnotes":""},"categories":[2],"tags":[],"class_list":["post-28288","post","type-post","status-publish","format-standard","has-post-thumbnail","hentry","category-geral"],"_links":{"self":[{"href":"https:\/\/www.caririemacao.com\/1\/wp-json\/wp\/v2\/posts\/28288","targetHints":{"allow":["GET"]}}],"collection":[{"href":"https:\/\/www.caririemacao.com\/1\/wp-json\/wp\/v2\/posts"}],"about":[{"href":"https:\/\/www.caririemacao.com\/1\/wp-json\/wp\/v2\/types\/post"}],"author":[{"embeddable":true,"href":"https:\/\/www.caririemacao.com\/1\/wp-json\/wp\/v2\/users\/2"}],"replies":[{"embeddable":true,"href":"https:\/\/www.caririemacao.com\/1\/wp-json\/wp\/v2\/comments?post=28288"}],"version-history":[{"count":0,"href":"https:\/\/www.caririemacao.com\/1\/wp-json\/wp\/v2\/posts\/28288\/revisions"}],"wp:featuredmedia":[{"embeddable":true,"href":"https:\/\/www.caririemacao.com\/1\/wp-json\/wp\/v2\/media\/28289"}],"wp:attachment":[{"href":"https:\/\/www.caririemacao.com\/1\/wp-json\/wp\/v2\/media?parent=28288"}],"wp:term":[{"taxonomy":"category","embeddable":true,"href":"https:\/\/www.caririemacao.com\/1\/wp-json\/wp\/v2\/categories?post=28288"},{"taxonomy":"post_tag","embeddable":true,"href":"https:\/\/www.caririemacao.com\/1\/wp-json\/wp\/v2\/tags?post=28288"}],"curies":[{"name":"wp","href":"https:\/\/api.w.org\/{rel}","templated":true}]}}