{"id":28292,"date":"2017-09-11T14:30:00","date_gmt":"2017-09-11T17:30:00","guid":{"rendered":"http:\/\/caririemacao.com\/1\/?p=28292"},"modified":"2017-09-11T14:30:00","modified_gmt":"2017-09-11T17:30:00","slug":"futuro-da-delacao-da-jbs-pode-ficar-nas-maos-de-raquel-dodge","status":"publish","type":"post","link":"https:\/\/www.caririemacao.com\/1\/2017\/09\/11\/futuro-da-delacao-da-jbs-pode-ficar-nas-maos-de-raquel-dodge\/","title":{"rendered":"Futuro da dela\u00e7\u00e3o da JBS pode ficar nas m\u00e3os de Raquel Dodge"},"content":{"rendered":"<p>Com a imagem desgastada ap\u00f3s sucessivos epis\u00f3dios envolvendo suas decis\u00f5es, o procurador-geral, Rodrigo Janot, est\u00e1 definindo a estrat\u00e9gia em torno da dela\u00e7\u00e3o premiada de Joesley Batista e Ricardo Saud, da JBS. As op\u00e7\u00f5es seriam pedir ao Supremo Tribunal Federal (STF) a sua anula\u00e7\u00e3o ou se negociar\u00e1 uma repactua\u00e7\u00e3o.<\/p>\n<p>De acordo com a Folha de S. Paulo, Janot sofre press\u00e3o de duas correntes em sua equipe: uma ala de procuradores defende que ele decida rapidamente pelo cancelamento do acordo de Joesley e Saud e outro grupo acredita que a PGR deveria levar em conta o conte\u00fado de provas oferecidas pelos delatores, como grava\u00e7\u00f5es e a a\u00e7\u00e3o controlada que resultou na entrega de uma mala de R$ 500 mil a Rodrigo da Rocha Loures, ex-assessor do presidente Michel Temer.<\/p>\n<p>Caso a \u00faltima op\u00e7\u00e3o seja a escolhida, o acordo seria mantido e as cl\u00e1usulas poderiam ser refeitas, acrescentando medidas cautelares, como uso de tornozeleira eletr\u00f4nica, um per\u00edodo de pris\u00e3o domiciliar ou em regime fechado, como ocorreu com Marcelo Odebrecht.<\/p>\n<p>Nesse cen\u00e1rio, o processo levaria algum tempo e provavelmente n\u00e3o seria apresentada ao STF nem discutida por Janot, mas por sua sucessora, Raquel Dodge, que assume o comando da PGR no dia 18 deste m\u00eas.<\/p>\n<p>\u00c9 preciso lembrar que Dodge deve ter um perfil de gest\u00e3o antag\u00f4nico ao do antecessor e deve pender \u00e0 uma postura rigorosa e esteja pouco disposta a renegociar.<\/p>\n<p><strong>CARIRI EM A\u00c7\u00c3O<\/strong><\/p>\n<p><em>Com\u00a0Not\u00edcias ao Minuto\/Foto: Google<\/em><\/p>\n<p><strong>Leia mais not\u00edcias em\u00a0<\/strong><a href=\"http:\/\/www.caririemacao.com\/\"><strong>caririemacao.com<\/strong><\/a><strong>, siga nossa p\u00e1gina no\u00a0<\/strong><a href=\"https:\/\/www.facebook.com\/CaririEmAcao\/?ref=aymt_homepage_panel\"><strong>Facebook<\/strong><\/a>,<strong>\u00a0<\/strong><a href=\"https:\/\/www.instagram.com\/cariri_em_acao\/?hl=pt-br\"><strong>Instagram<\/strong><\/a><strong>\u00a0e <\/strong><a href=\"https:\/\/www.youtube.com\/channel\/UCAptA0jQuYQy8vMhLt2m4qg\"><strong>Youtube<\/strong><\/a><strong>\u00a0e veja nossas mat\u00e9rias, v\u00eddeos e fotos. Voc\u00ea tamb\u00e9m pode enviar informa\u00e7\u00f5es \u00e0 Reda\u00e7\u00e3o do Portal Cariri em A\u00e7\u00e3o pelo WhatsApp (83) 9 9634.5791, (83) 9 9601-1162.<\/strong><\/p>\n","protected":false},"excerpt":{"rendered":"<p>Com a imagem desgastada ap\u00f3s sucessivos epis\u00f3dios envolvendo suas decis\u00f5es, o procurador-geral, Rodrigo Janot, est\u00e1 definindo a estrat\u00e9gia em torno da dela\u00e7\u00e3o premiada de Joesley&hellip; <\/p>\n","protected":false},"author":2,"featured_media":28293,"comment_status":"closed","ping_status":"closed","sticky":false,"template":"","format":"standard","meta":{"sfsi_plus_gutenberg_text_before_share":"","sfsi_plus_gutenberg_show_text_before_share":"","sfsi_plus_gutenberg_icon_type":"","sfsi_plus_gutenberg_icon_alignemt":"","sfsi_plus_gutenburg_max_per_row":"","footnotes":""},"categories":[2],"tags":[],"class_list":["post-28292","post","type-post","status-publish","format-standard","has-post-thumbnail","hentry","category-geral"],"_links":{"self":[{"href":"https:\/\/www.caririemacao.com\/1\/wp-json\/wp\/v2\/posts\/28292","targetHints":{"allow":["GET"]}}],"collection":[{"href":"https:\/\/www.caririemacao.com\/1\/wp-json\/wp\/v2\/posts"}],"about":[{"href":"https:\/\/www.caririemacao.com\/1\/wp-json\/wp\/v2\/types\/post"}],"author":[{"embeddable":true,"href":"https:\/\/www.caririemacao.com\/1\/wp-json\/wp\/v2\/users\/2"}],"replies":[{"embeddable":true,"href":"https:\/\/www.caririemacao.com\/1\/wp-json\/wp\/v2\/comments?post=28292"}],"version-history":[{"count":0,"href":"https:\/\/www.caririemacao.com\/1\/wp-json\/wp\/v2\/posts\/28292\/revisions"}],"wp:featuredmedia":[{"embeddable":true,"href":"https:\/\/www.caririemacao.com\/1\/wp-json\/wp\/v2\/media\/28293"}],"wp:attachment":[{"href":"https:\/\/www.caririemacao.com\/1\/wp-json\/wp\/v2\/media?parent=28292"}],"wp:term":[{"taxonomy":"category","embeddable":true,"href":"https:\/\/www.caririemacao.com\/1\/wp-json\/wp\/v2\/categories?post=28292"},{"taxonomy":"post_tag","embeddable":true,"href":"https:\/\/www.caririemacao.com\/1\/wp-json\/wp\/v2\/tags?post=28292"}],"curies":[{"name":"wp","href":"https:\/\/api.w.org\/{rel}","templated":true}]}}