{"id":283616,"date":"2024-04-09T22:43:40","date_gmt":"2024-04-10T01:43:40","guid":{"rendered":"https:\/\/www.caririemacao.com\/1\/?p=283616"},"modified":"2024-04-09T22:43:40","modified_gmt":"2024-04-10T01:43:40","slug":"11o-batalhao-abre-procedimento-para-apurar-transgressoes-cometidas-por-policial-militar-que-efetuou-disparos-contra-civis-em-monteiro","status":"publish","type":"post","link":"https:\/\/www.caririemacao.com\/1\/2024\/04\/09\/11o-batalhao-abre-procedimento-para-apurar-transgressoes-cometidas-por-policial-militar-que-efetuou-disparos-contra-civis-em-monteiro\/","title":{"rendered":"11\u00ba Batalh\u00e3o abre procedimento para apurar transgress\u00f5es cometidas por policial militar que efetuou disparos contra civis em Monteiro"},"content":{"rendered":"<p>O comando do 11\u00ba Batalh\u00e3o de Pol\u00edcia Militar da Para\u00edba, com sede em Monteiro, emitiu nota na tarde desta ter\u00e7a-feira (09), em rela\u00e7\u00e3o ao caso envolvendo um policial militar de folga que atirou e amea\u00e7ou civis durante a madrugada da \u00faltima segunda-feira (08).<\/p>\n<p>O policial militar foi detido e autuado pelo delegado de plant\u00e3o por tentativa de homic\u00eddio, amea\u00e7a, inj\u00faria e disparo de arma de fogo em via p\u00fablica. Em resposta, o 11\u00ba BPM informou que um procedimento administrativo para apurar poss\u00edveis transgress\u00f5es militares cometidas pelo citado policial foi aberto.<\/p>\n<p><strong>Confira a nota na \u00edntegra:<\/strong><\/p>\n<p><strong>Nota do Major Saulo Tavares<\/strong><\/p>\n<p>Na madrugada de ontem, por volta das 3 horas da madrugada, nossa guarni\u00e7\u00e3o de r\u00e1dio patrulha recebeu informa\u00e7\u00e3o que um policial havia se envolvido em uma briga numa lanchonete no Alto S\u00e3o Vicente.<\/p>\n<p>As v\u00edtimas alegaram que ele havia discutido com alguns populares que estavam no local, e os amea\u00e7ou, pois estava armado. Havendo nesse momento, luta corporal entre o militar e algumas pessoas.<\/p>\n<p>A guarni\u00e7\u00e3o chegando ao local, conduziu o militar e as v\u00edtimas para delegacia, onde l\u00e1, o policial foi autuado em flagrante.<\/p>\n<p>Momentos antes do citado ocorrido, um cidad\u00e3o fez boletim de ocorr\u00eancia na delegacia alegando que um indiv\u00edduo havia parado a moto em frente ao seu carro, e que ele ao tentar evadir-se com seu carro, ouviu dois ou tr\u00eas disparos de arma de fogo, disparos estes que atingiram o ve\u00edculo.<\/p>\n<p>Este cidad\u00e3o informou que as caracter\u00edsticas do autor dos disparos coincidem com as caracter\u00edsticas do policial que havia sido conduzido \u00e0 delegacia anteriormente.<\/p>\n<p>Al\u00e9m da autua\u00e7\u00e3o em flagrante na delegacia, este comandante do 11* BPM est\u00e1 instaurando um procedimento administrativo para apurar poss\u00edveis transgress\u00f5es militares cometidas pelo citado policial.<\/p>\n<p>Major Saulo Tavares \u2013 comandante interino do 11* BPM.<\/p>\n","protected":false},"excerpt":{"rendered":"<p>O comando do 11\u00ba Batalh\u00e3o de Pol\u00edcia Militar da Para\u00edba, com sede em Monteiro, emitiu nota na tarde desta ter\u00e7a-feira (09), em rela\u00e7\u00e3o ao caso envolvendo um policial militar de folga que atirou e amea\u00e7ou civis durante a madrugada da \u00faltima segunda-feira (08). O policial militar foi detido e autuado pelo delegado de plant\u00e3o por tentativa de homic\u00eddio, amea\u00e7a, inj\u00faria e disparo de arma de fogo em via p\u00fablica. Em resposta, o 11\u00ba BPM informou que um procedimento administrativo para apurar poss\u00edveis transgress\u00f5es militares cometidas pelo citado policial foi aberto. Confira a nota na \u00edntegra: Nota do Major Saulo Tavares Na madrugada de ontem, por volta das 3 horas da madrugada, nossa guarni\u00e7\u00e3o de r\u00e1dio patrulha recebeu informa\u00e7\u00e3o que um policial havia se envolvido em uma briga numa lanchonete no Alto S\u00e3o Vicente. As v\u00edtimas alegaram que ele havia discutido com alguns populares que estavam no local, e os amea\u00e7ou, pois estava armado. Havendo nesse momento, luta corporal entre o militar e algumas pessoas. A guarni\u00e7\u00e3o chegando ao local, conduziu o militar e as v\u00edtimas para delegacia, onde l\u00e1, o policial foi autuado em flagrante. Momentos antes do citado ocorrido, um cidad\u00e3o fez boletim de ocorr\u00eancia na delegacia alegando que um indiv\u00edduo havia parado a moto em frente ao seu carro, e que ele ao tentar evadir-se com seu carro, ouviu dois ou tr\u00eas disparos de arma de fogo, disparos estes que atingiram o ve\u00edculo. Este cidad\u00e3o informou que as caracter\u00edsticas do autor dos disparos coincidem com as caracter\u00edsticas do policial que havia sido conduzido \u00e0 delegacia anteriormente. Al\u00e9m da autua\u00e7\u00e3o em flagrante na delegacia, este comandante do 11* BPM est\u00e1 instaurando um procedimento administrativo para apurar poss\u00edveis transgress\u00f5es militares cometidas pelo citado policial. Major Saulo Tavares \u2013 comandante interino do 11* BPM.<\/p>\n","protected":false},"author":6,"featured_media":283617,"comment_status":"closed","ping_status":"closed","sticky":false,"template":"","format":"standard","meta":{"sfsi_plus_gutenberg_text_before_share":"","sfsi_plus_gutenberg_show_text_before_share":"","sfsi_plus_gutenberg_icon_type":"","sfsi_plus_gutenberg_icon_alignemt":"","sfsi_plus_gutenburg_max_per_row":"","footnotes":""},"categories":[50,81],"tags":[],"class_list":["post-283616","post","type-post","status-publish","format-standard","has-post-thumbnail","hentry","category-destaque","category-monteiro"],"_links":{"self":[{"href":"https:\/\/www.caririemacao.com\/1\/wp-json\/wp\/v2\/posts\/283616","targetHints":{"allow":["GET"]}}],"collection":[{"href":"https:\/\/www.caririemacao.com\/1\/wp-json\/wp\/v2\/posts"}],"about":[{"href":"https:\/\/www.caririemacao.com\/1\/wp-json\/wp\/v2\/types\/post"}],"author":[{"embeddable":true,"href":"https:\/\/www.caririemacao.com\/1\/wp-json\/wp\/v2\/users\/6"}],"replies":[{"embeddable":true,"href":"https:\/\/www.caririemacao.com\/1\/wp-json\/wp\/v2\/comments?post=283616"}],"version-history":[{"count":1,"href":"https:\/\/www.caririemacao.com\/1\/wp-json\/wp\/v2\/posts\/283616\/revisions"}],"predecessor-version":[{"id":283618,"href":"https:\/\/www.caririemacao.com\/1\/wp-json\/wp\/v2\/posts\/283616\/revisions\/283618"}],"wp:featuredmedia":[{"embeddable":true,"href":"https:\/\/www.caririemacao.com\/1\/wp-json\/wp\/v2\/media\/283617"}],"wp:attachment":[{"href":"https:\/\/www.caririemacao.com\/1\/wp-json\/wp\/v2\/media?parent=283616"}],"wp:term":[{"taxonomy":"category","embeddable":true,"href":"https:\/\/www.caririemacao.com\/1\/wp-json\/wp\/v2\/categories?post=283616"},{"taxonomy":"post_tag","embeddable":true,"href":"https:\/\/www.caririemacao.com\/1\/wp-json\/wp\/v2\/tags?post=283616"}],"curies":[{"name":"wp","href":"https:\/\/api.w.org\/{rel}","templated":true}]}}