{"id":28467,"date":"2017-09-14T07:44:34","date_gmt":"2017-09-14T10:44:34","guid":{"rendered":"http:\/\/caririemacao.com\/1\/?p=28467"},"modified":"2017-09-14T07:45:20","modified_gmt":"2017-09-14T10:45:20","slug":"rede-municipal-de-saude-realiza-palestras-sobre-o-setembro-amarelo","status":"publish","type":"post","link":"https:\/\/www.caririemacao.com\/1\/2017\/09\/14\/rede-municipal-de-saude-realiza-palestras-sobre-o-setembro-amarelo\/","title":{"rendered":"Rede Municipal de Sa\u00fade realiza palestras sobre o Setembro Amarelo"},"content":{"rendered":"<p>Diante dos casos ocorridos na cidade, a Secretaria Municipal de Sa\u00fade da cidade de Monteiro, deu uma aten\u00e7\u00e3o ainda mais especial \u00e0s palestras oferecidas sobre o Setembro Amarelo na manh\u00e3 desta quarta-feira, 13 no Teatro Municipal Jansen Filho.<\/p>\n<p>Durante as palestras com a equipe de psic\u00f3logas e m\u00e9dica, foram abordos temas relacionados \u00e0 preven\u00e7\u00e3o de suic\u00eddios e valoriza\u00e7\u00e3o da vida com o objetivo de dar visibilidade ao assunto para salvar vidas.<\/p>\n<p>O Dia Mundial de Preven\u00e7\u00e3o ao Suic\u00eddio foi comemorado no dia 10 de setembro e foi amplamente abra\u00e7ado pela equipe de sa\u00fade municipal para informar, esclarecer, conscientizar, envolver e mobilizar a sociedade sobre um assunto ainda considerado tabu. O suic\u00eddio \u00e9 considerado um problema de sa\u00fade p\u00fablica e mata 1 brasileiro a cada 45 minutos e 1 pessoa a cada 40 segundos em todo o mundo.<\/p>\n<p>&#8220;Sempre existiu certo conceito de que n\u00e3o poderia se falar sobre o tema porque seria uma forma de incentivo, mas temos observado o contr\u00e1rio, por isso precisamos iniciar esses di\u00e1logos como uma nova fase para salvar vidas. Atrav\u00e9s da conscientiza\u00e7\u00e3o com essas palestras as pessoas ficar\u00e3o atentas e conseguir\u00e3o identificar quem precisa de ajuda. Com apoio certo, a estimativa \u00e9 de 90% dos casos podem ser prevenidos&#8221;, explicou Kalline Torres, coordenadora do CAPS.<\/p>\n<p>O intuito \u00e9 al\u00e9m de tudo trazer alternativas de tratamento eficazes para os atos de suic\u00eddio n\u00e3o serem concretizados, oferecendo apoio e atendimento psicol\u00f3gico, se necess\u00e1rio, disse a psic\u00f3loga Isolda Nunes durante sua palestra e ainda afirmou que o passo seguinte a identifica\u00e7\u00e3o de um poss\u00edvel caso \u00e9 verificar e oferecer atendimentos psicol\u00f3gico. \u201cPara poder auxiliar na luta pela redu\u00e7\u00e3o dos \u00edndices de suic\u00eddio \u00e9 fundamental que saibamos ter a sabedoria para ouvir e a sensibilidade para tentarmos compreender os sentimentos das pessoas que est\u00e3o ao nosso redor\u201d concluiu a profissional.<\/p>\n<p>Mesmo ausente por motivos de agenda, a prefeita Anna Lorena falou sobre o assunto e disse \u201cTemos que tratar esse assunto com muito carinho, recentemente perdemos pessoas muito queridas na cidade e nossa meta \u00e9 priorizar para que casos assim n\u00e3o aconte\u00e7am mais. Oferecemos todo o suporte na \u00e1rea da sa\u00fade e agora com estas palestras oferecemos o conhecimento \u00e0 popula\u00e7\u00e3o de como identificar e lidar com pessoas em risco de suic\u00eddio. Toda vida \u00e9 preciosa, neste intuito lutaremos juntos\u201d, concluiu Lorena.<\/p>\n<p>Saiba Mais<\/p>\n<p>Sinais de alerta no comportamento da pessoa com risco de suic\u00eddio:<\/p>\n<p>1 &#8211; Humor deprimido com sintomas de profunda tristeza, choro frequente, pessimismo e desesperan\u00e7a, por um per\u00edodo de mais de dois meses;<\/p>\n<p>2 &#8211; Discurso recorrente de suic\u00eddio ou acerca da morte, proferindo frases como: \u201cn\u00e3o aguento mais essa vida\u2026\u201d, \u201cnada mais me importa\u2026\u201d, \u201cquero morrer\u2026\u201d;<\/p>\n<p>3 &#8211; Articula a pr\u00f3pria morte, colocando os assuntos pessoais em ordem, assim como, se desfaz de bens pessoais;<\/p>\n<p>4 &#8211; Elabora cartas de despedidas;<\/p>\n<p>5 &#8211; Apresenta comportamento de risco, automutila\u00e7\u00e3o, isolamento, agressividade, falta de higiene, desmotiva\u00e7\u00e3o para todas as atividades de vida di\u00e1rias;<\/p>\n<p>6 &#8211; Sintomas como ins\u00f4nia, ansiedade e ang\u00fastia; e,<\/p>\n<p>7 &#8211; Uso excessivo de \u00e1lcool, droga e medica\u00e7\u00e3o.<\/p>\n<p>Como ajudar:<\/p>\n<p>1 &#8211; Embora para algumas pessoa seja dif\u00edcil observar, mas, se voc\u00ea est\u00e1 percebendo algum sinal que lhe leve a pensar que algu\u00e9m est\u00e1 desistindo da vida, seja objetivo e n\u00e3o hesite em perguntar: \u201cVoc\u00ea est\u00e1 pensado em se matar?\u201d ou, \u201cVoc\u00ea pensa em suic\u00eddio?\u201d. Assim, voc\u00ea ir\u00e1 provocar na pessoa uma reflex\u00e3o como tamb\u00e9m ir\u00e1 oferecer a ela a possibilidade de falar sobre a dor real que est\u00e1 sentindo. N\u00e3o falar, amplifica a dor;<\/p>\n<p>2 &#8211; Legitime e entenda a dor na medida em que a pessoa vai falando. Use frase como: \u201centendo seu sofrimento..\u201d;<\/p>\n<p>3 &#8211; N\u00e3o julgue, tente n\u00e3o dar conselho e opini\u00f5es;<\/p>\n<p>4 &#8211; Acolha e demonstre que voc\u00ea quer ajudar, dizendo: \u201cComo posso ajudar voc\u00ea?\u201d;<\/p>\n<p>5 &#8211; N\u00e3o use frases que o estimula como: \u201d Isso passa\u2026\u201d Ou \u201d reaja que tudo vai ficar bem\u2026\u201d; e,<\/p>\n<p>6 &#8211; N\u00e3o deixe a pessoa sozinha.<\/p>\n<p>Se mesmo assim, voc\u00ea ainda perceber que o risco existe, lembre-se que a pessoa que pensa em suic\u00eddio precisa de ajuda e est\u00e1 num estado grav\u00edssimo de sofrimento mental. Seja proativo, chame algu\u00e9m da fam\u00edlia ou amigo para dividir a responsabilidade. Sugira um profissional da \u00e1rea de sa\u00fade mental como psiquiatra e\/ou psic\u00f3logo ou procure uma unidade de sa\u00fade, a equipe municipal possui profissionais que poder\u00e3o ser de grande ajuda.<\/p>\n<p><strong>CARIRI EM A\u00c7\u00c3O<\/strong><\/p>\n<p><em>Com Ascom\/Foto: Reprodu\u00e7\u00e3o\u00a0<\/em><\/p>\n<p><strong>Leia mais not\u00edcias em\u00a0<\/strong><a href=\"http:\/\/www.caririemacao.com\/\"><strong>caririemacao.com<\/strong><\/a><strong>, siga nossa p\u00e1gina no\u00a0<\/strong><a href=\"https:\/\/www.facebook.com\/CaririEmAcao\/?ref=aymt_homepage_panel\"><strong>Facebook<\/strong><\/a>,<strong>\u00a0<\/strong><a href=\"https:\/\/www.instagram.com\/cariri_em_acao\/?hl=pt-br\"><strong>Instagram<\/strong><\/a><strong>\u00a0e <\/strong><a href=\"https:\/\/www.youtube.com\/channel\/UCAptA0jQuYQy8vMhLt2m4qg\"><strong>Youtube<\/strong><\/a><strong>\u00a0e veja nossas mat\u00e9rias, v\u00eddeos e fotos. Voc\u00ea tamb\u00e9m pode enviar informa\u00e7\u00f5es \u00e0 Reda\u00e7\u00e3o do Portal Cariri em A\u00e7\u00e3o pelo WhatsApp (83) 9 9634.5791, (83) 9 9601-1162.<\/strong><\/p>\n","protected":false},"excerpt":{"rendered":"<p>Diante dos casos ocorridos na cidade, a Secretaria Municipal de Sa\u00fade da cidade de Monteiro, deu uma aten\u00e7\u00e3o ainda mais especial \u00e0s palestras oferecidas sobre&hellip; <\/p>\n","protected":false},"author":2,"featured_media":28468,"comment_status":"closed","ping_status":"closed","sticky":false,"template":"","format":"standard","meta":{"sfsi_plus_gutenberg_text_before_share":"","sfsi_plus_gutenberg_show_text_before_share":"","sfsi_plus_gutenberg_icon_type":"","sfsi_plus_gutenberg_icon_alignemt":"","sfsi_plus_gutenburg_max_per_row":"","footnotes":""},"categories":[16],"tags":[],"class_list":["post-28467","post","type-post","status-publish","format-standard","has-post-thumbnail","hentry","category-saude"],"_links":{"self":[{"href":"https:\/\/www.caririemacao.com\/1\/wp-json\/wp\/v2\/posts\/28467","targetHints":{"allow":["GET"]}}],"collection":[{"href":"https:\/\/www.caririemacao.com\/1\/wp-json\/wp\/v2\/posts"}],"about":[{"href":"https:\/\/www.caririemacao.com\/1\/wp-json\/wp\/v2\/types\/post"}],"author":[{"embeddable":true,"href":"https:\/\/www.caririemacao.com\/1\/wp-json\/wp\/v2\/users\/2"}],"replies":[{"embeddable":true,"href":"https:\/\/www.caririemacao.com\/1\/wp-json\/wp\/v2\/comments?post=28467"}],"version-history":[{"count":0,"href":"https:\/\/www.caririemacao.com\/1\/wp-json\/wp\/v2\/posts\/28467\/revisions"}],"wp:featuredmedia":[{"embeddable":true,"href":"https:\/\/www.caririemacao.com\/1\/wp-json\/wp\/v2\/media\/28468"}],"wp:attachment":[{"href":"https:\/\/www.caririemacao.com\/1\/wp-json\/wp\/v2\/media?parent=28467"}],"wp:term":[{"taxonomy":"category","embeddable":true,"href":"https:\/\/www.caririemacao.com\/1\/wp-json\/wp\/v2\/categories?post=28467"},{"taxonomy":"post_tag","embeddable":true,"href":"https:\/\/www.caririemacao.com\/1\/wp-json\/wp\/v2\/tags?post=28467"}],"curies":[{"name":"wp","href":"https:\/\/api.w.org\/{rel}","templated":true}]}}