{"id":28471,"date":"2017-09-14T07:54:59","date_gmt":"2017-09-14T10:54:59","guid":{"rendered":"http:\/\/caririemacao.com\/1\/?p=28471"},"modified":"2017-09-14T07:54:59","modified_gmt":"2017-09-14T10:54:59","slug":"ricardo-sobre-2018-vai-ser-eleicao-de-gente-que-tem-historia-e-estatura","status":"publish","type":"post","link":"https:\/\/www.caririemacao.com\/1\/2017\/09\/14\/ricardo-sobre-2018-vai-ser-eleicao-de-gente-que-tem-historia-e-estatura\/","title":{"rendered":"Ricardo sobre 2018: \u201cVai ser elei\u00e7\u00e3o de gente que tem hist\u00f3ria e estatura\u201d"},"content":{"rendered":"<p>O governador Ricardo Coutinho (PSB) falou para a r\u00e1dio Panor\u00e2mica FM, sobre o andamento do mandato atual e tamb\u00e9m sobre as possibilidades de alian\u00e7as a serem constru\u00eddas para o ano de 2018, inclusive com o PMDB.<\/p>\n<p>Ricardo disse que a elei\u00e7\u00e3o do pr\u00f3ximo ano vai levar em considera\u00e7\u00e3o a trajet\u00f3ria e o trabalho e postura \u00e9tica dos candidatos.<\/p>\n<p>O governador tamb\u00e9m mandou um recado aos poss\u00edveis postulantes ao cargo de governador em 2018.<\/p>\n<p>\u2013 As elei\u00e7\u00e3o de 2018 n\u00e3o vai ser elei\u00e7\u00e3o de quem anda pra cima ou para baixo, se re\u00fane aqui ou acol\u00e1, vai ser elei\u00e7\u00e3o de gente que tem hist\u00f3ria e estatura pra poder governar um Estado que em meio a crise se afirma como um dos melhores exemplos, n\u00e3o por mim mas por aqueles que comp\u00f5em o governo, de esp\u00edrito de lideran\u00e7a -, finalizou ele.<\/p>\n<p><strong>CARIRI EM A\u00c7\u00c3O<\/strong><\/p>\n<p><em>Com Para\u00edba Online\/Foto: Google<\/em><\/p>\n<p><strong>Leia mais not\u00edcias em\u00a0<\/strong><a href=\"http:\/\/www.caririemacao.com\/\"><strong>caririemacao.com<\/strong><\/a><strong>, siga nossa p\u00e1gina no\u00a0<\/strong><a href=\"https:\/\/www.facebook.com\/CaririEmAcao\/?ref=aymt_homepage_panel\"><strong>Facebook<\/strong><\/a>,<strong>\u00a0<\/strong><a href=\"https:\/\/www.instagram.com\/cariri_em_acao\/?hl=pt-br\"><strong>Instagram<\/strong><\/a><strong>\u00a0e <\/strong><a href=\"https:\/\/www.youtube.com\/channel\/UCAptA0jQuYQy8vMhLt2m4qg\"><strong>Youtube<\/strong><\/a><strong>\u00a0e veja nossas mat\u00e9rias, v\u00eddeos e fotos. Voc\u00ea tamb\u00e9m pode enviar informa\u00e7\u00f5es \u00e0 Reda\u00e7\u00e3o do Portal Cariri em A\u00e7\u00e3o pelo WhatsApp (83) 9 9634.5791, (83) 9 9601-1162.<\/strong><\/p>\n","protected":false},"excerpt":{"rendered":"<p>O governador Ricardo Coutinho (PSB) falou para a r\u00e1dio Panor\u00e2mica FM, sobre o andamento do mandato atual e tamb\u00e9m sobre as possibilidades de alian\u00e7as a&hellip; <\/p>\n","protected":false},"author":2,"featured_media":8385,"comment_status":"closed","ping_status":"closed","sticky":false,"template":"","format":"standard","meta":{"sfsi_plus_gutenberg_text_before_share":"","sfsi_plus_gutenberg_show_text_before_share":"","sfsi_plus_gutenberg_icon_type":"","sfsi_plus_gutenberg_icon_alignemt":"","sfsi_plus_gutenburg_max_per_row":"","footnotes":""},"categories":[11],"tags":[],"class_list":["post-28471","post","type-post","status-publish","format-standard","has-post-thumbnail","hentry","category-politica"],"_links":{"self":[{"href":"https:\/\/www.caririemacao.com\/1\/wp-json\/wp\/v2\/posts\/28471","targetHints":{"allow":["GET"]}}],"collection":[{"href":"https:\/\/www.caririemacao.com\/1\/wp-json\/wp\/v2\/posts"}],"about":[{"href":"https:\/\/www.caririemacao.com\/1\/wp-json\/wp\/v2\/types\/post"}],"author":[{"embeddable":true,"href":"https:\/\/www.caririemacao.com\/1\/wp-json\/wp\/v2\/users\/2"}],"replies":[{"embeddable":true,"href":"https:\/\/www.caririemacao.com\/1\/wp-json\/wp\/v2\/comments?post=28471"}],"version-history":[{"count":0,"href":"https:\/\/www.caririemacao.com\/1\/wp-json\/wp\/v2\/posts\/28471\/revisions"}],"wp:featuredmedia":[{"embeddable":true,"href":"https:\/\/www.caririemacao.com\/1\/wp-json\/wp\/v2\/media\/8385"}],"wp:attachment":[{"href":"https:\/\/www.caririemacao.com\/1\/wp-json\/wp\/v2\/media?parent=28471"}],"wp:term":[{"taxonomy":"category","embeddable":true,"href":"https:\/\/www.caririemacao.com\/1\/wp-json\/wp\/v2\/categories?post=28471"},{"taxonomy":"post_tag","embeddable":true,"href":"https:\/\/www.caririemacao.com\/1\/wp-json\/wp\/v2\/tags?post=28471"}],"curies":[{"name":"wp","href":"https:\/\/api.w.org\/{rel}","templated":true}]}}