{"id":28476,"date":"2017-09-14T08:06:50","date_gmt":"2017-09-14T11:06:50","guid":{"rendered":"http:\/\/caririemacao.com\/1\/?p=28476"},"modified":"2017-09-14T08:15:27","modified_gmt":"2017-09-14T11:15:27","slug":"homem-e-assaltado-apos-sair-de-agencia-bancaria-no-centro-de-monteiro","status":"publish","type":"post","link":"https:\/\/www.caririemacao.com\/1\/2017\/09\/14\/homem-e-assaltado-apos-sair-de-agencia-bancaria-no-centro-de-monteiro\/","title":{"rendered":"Homem \u00e9 assaltado ap\u00f3s sair de ag\u00eancia banc\u00e1ria no centro de Monteiro"},"content":{"rendered":"<p>No final da tarde ter\u00e7a-feira (12), um homem sofreu um assalto pouco tempo depois de sair de uma ag\u00eancia banc\u00e1ria pr\u00f3xima a sede da Justi\u00e7a Federal em Monteiro.<\/p>\n<p><a href=\"http:\/\/caririemacao.com\/1\/wp-content\/uploads\/2017\/09\/IMG-20170913-WA0085.jpg\"><img fetchpriority=\"high\" decoding=\"async\" class=\"wp-image-28477 aligncenter\" src=\"http:\/\/caririemacao.com\/1\/wp-content\/uploads\/2017\/09\/IMG-20170913-WA0085-300x265.jpg\" alt=\"\" width=\"320\" height=\"283\" \/><\/a><\/p>\n<p>De acordo com informa\u00e7\u00f5es, ap\u00f3s realizar um saque na ag\u00eancia do Banco do Brasil o senhor seguiu para sua resid\u00eancia e nas proximidades da Pra\u00e7a Jo\u00e3o Pessoa, foi abordado por dois meliantes em uma motocicleta onde um deles de punho de uma arma de fogo e outro com uma faca. Os bandidos pediram para que o mesmo passasse o dinheiro e ao mesmo tempo cortaram a v\u00edtima com a faca nas costas. Os criminosos levaram mais de dois mil reais da v\u00edtima .<\/p>\n<p>Segundo informa\u00e7\u00f5es a vitima n\u00e3o quis registrar o caso temendo repres\u00e1lias dos bandidos.<\/p>\n<p><strong>CARIRI EM A\u00c7\u00c3O<\/strong><\/p>\n<p><em>Com O Pipoco\/Foto: Google<\/em><\/p>\n<p><strong>Leia mais not\u00edcias em\u00a0<\/strong><a href=\"http:\/\/www.caririemacao.com\/\"><strong>caririemacao.com<\/strong><\/a><strong>, siga nossa p\u00e1gina no\u00a0<\/strong><a href=\"https:\/\/www.facebook.com\/CaririEmAcao\/?ref=aymt_homepage_panel\"><strong>Facebook<\/strong><\/a>,<strong>\u00a0<\/strong><a href=\"https:\/\/www.instagram.com\/cariri_em_acao\/?hl=pt-br\"><strong>Instagram<\/strong><\/a><strong>\u00a0e <\/strong><a href=\"https:\/\/www.youtube.com\/channel\/UCAptA0jQuYQy8vMhLt2m4qg\"><strong>Youtube<\/strong><\/a><strong>\u00a0e veja nossas mat\u00e9rias, v\u00eddeos e fotos. Voc\u00ea tamb\u00e9m pode enviar informa\u00e7\u00f5es \u00e0 Reda\u00e7\u00e3o do Portal Cariri em A\u00e7\u00e3o pelo WhatsApp (83) 9 9634.5791, (83) 9 9601-1162.<\/strong><\/p>\n","protected":false},"excerpt":{"rendered":"<p>No final da tarde ter\u00e7a-feira (12), um homem sofreu um assalto pouco tempo depois de sair de uma ag\u00eancia banc\u00e1ria pr\u00f3xima a sede da Justi\u00e7a&hellip; <\/p>\n","protected":false},"author":2,"featured_media":25619,"comment_status":"closed","ping_status":"closed","sticky":false,"template":"","format":"standard","meta":{"sfsi_plus_gutenberg_text_before_share":"","sfsi_plus_gutenberg_show_text_before_share":"","sfsi_plus_gutenberg_icon_type":"","sfsi_plus_gutenberg_icon_alignemt":"","sfsi_plus_gutenburg_max_per_row":"","footnotes":""},"categories":[12],"tags":[],"class_list":["post-28476","post","type-post","status-publish","format-standard","has-post-thumbnail","hentry","category-policia"],"_links":{"self":[{"href":"https:\/\/www.caririemacao.com\/1\/wp-json\/wp\/v2\/posts\/28476","targetHints":{"allow":["GET"]}}],"collection":[{"href":"https:\/\/www.caririemacao.com\/1\/wp-json\/wp\/v2\/posts"}],"about":[{"href":"https:\/\/www.caririemacao.com\/1\/wp-json\/wp\/v2\/types\/post"}],"author":[{"embeddable":true,"href":"https:\/\/www.caririemacao.com\/1\/wp-json\/wp\/v2\/users\/2"}],"replies":[{"embeddable":true,"href":"https:\/\/www.caririemacao.com\/1\/wp-json\/wp\/v2\/comments?post=28476"}],"version-history":[{"count":0,"href":"https:\/\/www.caririemacao.com\/1\/wp-json\/wp\/v2\/posts\/28476\/revisions"}],"wp:featuredmedia":[{"embeddable":true,"href":"https:\/\/www.caririemacao.com\/1\/wp-json\/wp\/v2\/media\/25619"}],"wp:attachment":[{"href":"https:\/\/www.caririemacao.com\/1\/wp-json\/wp\/v2\/media?parent=28476"}],"wp:term":[{"taxonomy":"category","embeddable":true,"href":"https:\/\/www.caririemacao.com\/1\/wp-json\/wp\/v2\/categories?post=28476"},{"taxonomy":"post_tag","embeddable":true,"href":"https:\/\/www.caririemacao.com\/1\/wp-json\/wp\/v2\/tags?post=28476"}],"curies":[{"name":"wp","href":"https:\/\/api.w.org\/{rel}","templated":true}]}}