{"id":285610,"date":"2024-05-20T19:37:47","date_gmt":"2024-05-20T22:37:47","guid":{"rendered":"https:\/\/www.caririemacao.com\/1\/?p=285610"},"modified":"2024-05-20T19:37:47","modified_gmt":"2024-05-20T22:37:47","slug":"prefeito-de-taperoa-lidera-comitiva-durante-a-xxv-marcha-dos-prefeitos-em-brasilia-e-ressalta-importancia-momento-unico-para-debater-questoes-cruciais","status":"publish","type":"post","link":"https:\/\/www.caririemacao.com\/1\/2024\/05\/20\/prefeito-de-taperoa-lidera-comitiva-durante-a-xxv-marcha-dos-prefeitos-em-brasilia-e-ressalta-importancia-momento-unico-para-debater-questoes-cruciais\/","title":{"rendered":"Prefeito de Tapero\u00e1 lidera comitiva durante a XXV Marcha dos Prefeitos em Bras\u00edlia e ressalta import\u00e2ncia: &#8220;Momento \u00fanico para debater quest\u00f5es cruciais&#8221;"},"content":{"rendered":"<p>O prefeito de Tapero\u00e1, George Farias, acompanhado pelo secret\u00e1rio de Administra\u00e7\u00e3o, Cl\u00e9ber Lima, e pela secret\u00e1ria do S\u00e3o Saru\u00ea, Alice Lima, est\u00e1 participando da XXV Marcha dos Prefeitos. O maior evento municipalista do pa\u00eds est\u00e1 sendo realizado na capital federal entre os dias 20 e 23 de maio.<\/p>\n<p>Organizado pela Confedera\u00e7\u00e3o Nacional de Munic\u00edpios (CNM), a edi\u00e7\u00e3o de 2024 conta com um andar inteiro dedicado \u00e0s discuss\u00f5es pol\u00edticas. Entre os temas abordados est\u00e3o a Reforma Tribut\u00e1ria, a redistribui\u00e7\u00e3o dos royalties de petr\u00f3leo e os desastres naturais que afetam os munic\u00edpios.<\/p>\n<p>Em entrevista ao Cariri em A\u00e7\u00e3o, o prefeito George Farias destacou a import\u00e2ncia do evento e as a\u00e7\u00f5es que est\u00e1 desenvolvendo em Bras\u00edlia.<\/p>\n<p>\u201cA XXV Marcha dos Prefeitos \u00e9 uma oportunidade essencial para debatermos os desafios que os munic\u00edpios brasileiros enfrentam. Al\u00e9m de participar das discuss\u00f5es, estou visitando minist\u00e9rios e gabinetes para assegurar recursos que beneficiar\u00e3o Tapero\u00e1. Nosso foco \u00e9 garantir investimentos que promovam o desenvolvimento da nossa cidade e melhorem a qualidade de vida dos nossos moradores,&#8221; disse.<\/p>\n<p>&nbsp;<\/p>\n<p><strong>CARIRI EM A\u00c7\u00c3O<\/strong><\/p>\n","protected":false},"excerpt":{"rendered":"<p>O prefeito de Tapero\u00e1, George Farias, acompanhado pelo secret\u00e1rio de Administra\u00e7\u00e3o, Cl\u00e9ber Lima, e pela secret\u00e1ria do S\u00e3o Saru\u00ea, Alice Lima, est\u00e1 participando da XXV Marcha dos Prefeitos. O maior evento municipalista do pa\u00eds est\u00e1 sendo realizado na capital federal entre os dias 20 e 23 de maio. Organizado pela Confedera\u00e7\u00e3o Nacional de Munic\u00edpios (CNM), a edi\u00e7\u00e3o de 2024 conta com um andar inteiro dedicado \u00e0s discuss\u00f5es pol\u00edticas. Entre os temas abordados est\u00e3o a Reforma Tribut\u00e1ria, a redistribui\u00e7\u00e3o dos royalties de petr\u00f3leo e os desastres naturais que afetam os munic\u00edpios. Em entrevista ao Cariri em A\u00e7\u00e3o, o prefeito George Farias destacou a import\u00e2ncia do evento e as a\u00e7\u00f5es que est\u00e1 desenvolvendo em Bras\u00edlia. \u201cA XXV Marcha dos Prefeitos \u00e9 uma oportunidade essencial para debatermos os desafios que os munic\u00edpios brasileiros enfrentam. Al\u00e9m de participar das discuss\u00f5es, estou visitando minist\u00e9rios e gabinetes para assegurar recursos que beneficiar\u00e3o Tapero\u00e1. Nosso foco \u00e9 garantir investimentos que promovam o desenvolvimento da nossa cidade e melhorem a qualidade de vida dos nossos moradores,&#8221; disse. &nbsp; CARIRI EM A\u00c7\u00c3O<\/p>\n","protected":false},"author":6,"featured_media":285611,"comment_status":"closed","ping_status":"closed","sticky":false,"template":"","format":"standard","meta":{"sfsi_plus_gutenberg_text_before_share":"","sfsi_plus_gutenberg_show_text_before_share":"","sfsi_plus_gutenberg_icon_type":"","sfsi_plus_gutenberg_icon_alignemt":"","sfsi_plus_gutenburg_max_per_row":"","footnotes":""},"categories":[50,126],"tags":[],"class_list":["post-285610","post","type-post","status-publish","format-standard","has-post-thumbnail","hentry","category-destaque","category-taperoa-cidades"],"_links":{"self":[{"href":"https:\/\/www.caririemacao.com\/1\/wp-json\/wp\/v2\/posts\/285610","targetHints":{"allow":["GET"]}}],"collection":[{"href":"https:\/\/www.caririemacao.com\/1\/wp-json\/wp\/v2\/posts"}],"about":[{"href":"https:\/\/www.caririemacao.com\/1\/wp-json\/wp\/v2\/types\/post"}],"author":[{"embeddable":true,"href":"https:\/\/www.caririemacao.com\/1\/wp-json\/wp\/v2\/users\/6"}],"replies":[{"embeddable":true,"href":"https:\/\/www.caririemacao.com\/1\/wp-json\/wp\/v2\/comments?post=285610"}],"version-history":[{"count":1,"href":"https:\/\/www.caririemacao.com\/1\/wp-json\/wp\/v2\/posts\/285610\/revisions"}],"predecessor-version":[{"id":285612,"href":"https:\/\/www.caririemacao.com\/1\/wp-json\/wp\/v2\/posts\/285610\/revisions\/285612"}],"wp:featuredmedia":[{"embeddable":true,"href":"https:\/\/www.caririemacao.com\/1\/wp-json\/wp\/v2\/media\/285611"}],"wp:attachment":[{"href":"https:\/\/www.caririemacao.com\/1\/wp-json\/wp\/v2\/media?parent=285610"}],"wp:term":[{"taxonomy":"category","embeddable":true,"href":"https:\/\/www.caririemacao.com\/1\/wp-json\/wp\/v2\/categories?post=285610"},{"taxonomy":"post_tag","embeddable":true,"href":"https:\/\/www.caririemacao.com\/1\/wp-json\/wp\/v2\/tags?post=285610"}],"curies":[{"name":"wp","href":"https:\/\/api.w.org\/{rel}","templated":true}]}}