{"id":286152,"date":"2024-05-31T14:43:16","date_gmt":"2024-05-31T17:43:16","guid":{"rendered":"https:\/\/www.caririemacao.com\/1\/?p=286152"},"modified":"2024-05-31T14:43:16","modified_gmt":"2024-05-31T17:43:16","slug":"atletas-oriundos-das-categorias-de-base-do-serra-branca-sao-emprestados-para-disputar-o-brasileirao","status":"publish","type":"post","link":"https:\/\/www.caririemacao.com\/1\/2024\/05\/31\/atletas-oriundos-das-categorias-de-base-do-serra-branca-sao-emprestados-para-disputar-o-brasileirao\/","title":{"rendered":"Atletas oriundos das categorias de base do Serra Branca s\u00e3o emprestados para disputar o Brasileir\u00e3o"},"content":{"rendered":"<p>Destaques no Sub-20 em 2023, o atacante Guilherme e o goleiro Henrique foram emprestados para disputar a S\u00e9rie D do Campeonato Brasileiro pelo Santa Cruz de Natal-RN, atual vice-l\u00edder do grupo C da competi\u00e7\u00e3o.<\/p>\n<p>Natural de S\u00e3o Paulo\/SP, com 21 anos, Guilherme \u00e9 atacante extremo, o atleta chegou ao Serra Branca em 2023 ap\u00f3s passagens tamb\u00e9m pelas categorias de base de clubes como Palmeiras-SP e ABC-RN, sendo pe\u00e7a fundamental na conquista dos t\u00edtulos do Campeonato Paraibano Sub-20 e Torneio Internacional de Elvas em Portugal. Ainda pelo Sub-20, o atleta teve atua\u00e7\u00f5es de destaque na Copa Recife e Copa S\u00e3o Paulo de Futebol J\u00fanior, participa\u00e7\u00f5es que garantiram o atleta tamb\u00e9m na disputa do Campeonato Paraibano profissional em 2024.<\/p>\n<p>Com apenas 20 anos, o jovem goleiro Henrique \u00e9 natural de Pocinhos\/PB. O atleta chegou ao Carcar\u00e1 desde a funda\u00e7\u00e3o do clube em 2022, em sua trajet\u00f3ria foi Campe\u00e3o Paraibano da 2\u00aa Divis\u00e3o, Campe\u00e3o Paraibano Sub-20 em 2023, Campe\u00e3o do Torneio Internacional de Elvas em Portugal, disputou o Campeonato Paraibano em 2023 e assim como o atacante Guilherme, suas atua\u00e7\u00f5es o garantiram na disputa do Campeonato Paraibano tamb\u00e9m em 2024.<\/p>\n<p>Negociados por empr\u00e9stimo ao Santa Cruz de Natal-RN, desejamos sorte e sucesso aos nossos atletas e que consigam muito \u00eaxito em suas carreiras.<\/p>\n","protected":false},"excerpt":{"rendered":"<p>Destaques no Sub-20 em 2023, o atacante Guilherme e o goleiro Henrique foram emprestados para disputar a S\u00e9rie D do Campeonato Brasileiro pelo Santa Cruz&hellip; <\/p>\n","protected":false},"author":6,"featured_media":286153,"comment_status":"closed","ping_status":"closed","sticky":false,"template":"","format":"standard","meta":{"sfsi_plus_gutenberg_text_before_share":"","sfsi_plus_gutenberg_show_text_before_share":"","sfsi_plus_gutenberg_icon_type":"","sfsi_plus_gutenberg_icon_alignemt":"","sfsi_plus_gutenburg_max_per_row":"","footnotes":""},"categories":[50,13],"tags":[],"class_list":["post-286152","post","type-post","status-publish","format-standard","has-post-thumbnail","hentry","category-destaque","category-esportes"],"_links":{"self":[{"href":"https:\/\/www.caririemacao.com\/1\/wp-json\/wp\/v2\/posts\/286152","targetHints":{"allow":["GET"]}}],"collection":[{"href":"https:\/\/www.caririemacao.com\/1\/wp-json\/wp\/v2\/posts"}],"about":[{"href":"https:\/\/www.caririemacao.com\/1\/wp-json\/wp\/v2\/types\/post"}],"author":[{"embeddable":true,"href":"https:\/\/www.caririemacao.com\/1\/wp-json\/wp\/v2\/users\/6"}],"replies":[{"embeddable":true,"href":"https:\/\/www.caririemacao.com\/1\/wp-json\/wp\/v2\/comments?post=286152"}],"version-history":[{"count":1,"href":"https:\/\/www.caririemacao.com\/1\/wp-json\/wp\/v2\/posts\/286152\/revisions"}],"predecessor-version":[{"id":286154,"href":"https:\/\/www.caririemacao.com\/1\/wp-json\/wp\/v2\/posts\/286152\/revisions\/286154"}],"wp:featuredmedia":[{"embeddable":true,"href":"https:\/\/www.caririemacao.com\/1\/wp-json\/wp\/v2\/media\/286153"}],"wp:attachment":[{"href":"https:\/\/www.caririemacao.com\/1\/wp-json\/wp\/v2\/media?parent=286152"}],"wp:term":[{"taxonomy":"category","embeddable":true,"href":"https:\/\/www.caririemacao.com\/1\/wp-json\/wp\/v2\/categories?post=286152"},{"taxonomy":"post_tag","embeddable":true,"href":"https:\/\/www.caririemacao.com\/1\/wp-json\/wp\/v2\/tags?post=286152"}],"curies":[{"name":"wp","href":"https:\/\/api.w.org\/{rel}","templated":true}]}}