{"id":286201,"date":"2024-06-02T20:13:59","date_gmt":"2024-06-02T23:13:59","guid":{"rendered":"https:\/\/www.caririemacao.com\/1\/?p=286201"},"modified":"2024-06-02T20:14:50","modified_gmt":"2024-06-02T23:14:50","slug":"jovem-natural-de-santo-andre-emerson-martins-brilha-no-campeonato-regional-norte-nordeste-de-fisiculturismo","status":"publish","type":"post","link":"https:\/\/www.caririemacao.com\/1\/2024\/06\/02\/jovem-natural-de-santo-andre-emerson-martins-brilha-no-campeonato-regional-norte-nordeste-de-fisiculturismo\/","title":{"rendered":"Jovem natural de Santo Andr\u00e9, Emerson Martins brilha no campeonato regional Norte\/Nordeste de fisiculturismo"},"content":{"rendered":"<p>Mostrando a for\u00e7a do esporte em Santo Andr\u00e9 e o poder da dedica\u00e7\u00e3o, o jovem\u00a0 natural da cidade de Santo Andr\u00e9, Emerson Martins participou do Campeonato Regional Norte\/Nordeste de Fisiculturismo da NABBA, realizado neste s\u00e1bado (01) em Caruaru, no Pernambuco.<\/p>\n<p>Emerson foi um dos grandes destaques da competi\u00e7\u00e3o, conquistando o 1\u00ba lugar na Categoria Bodybuilding Junior e o 1\u00ba lugar na Categoria Bermuda Junior.<\/p>\n<p>O campeonato reuniu competidores de diversas regi\u00f5es do Norte e Nordeste, e a performance de Emerson destacou-se pela disciplina e comprometimento, atributos essenciais no fisiculturismo.<\/p>\n<p>Emerson Martins, comentou sobre sua vit\u00f3ria no Campeonato Regional Norte\/Nordeste de Fisiculturismo: &#8220;Estou muito feliz e grato por ter conquistado o 1\u00ba lugar nas categorias Bodybuilding Junior e Bermuda Junior. Esse resultado \u00e9 fruto de muito trabalho, disciplina e apoio da minha fam\u00edlia e amigos. Representar Santo Andr\u00e9 e trazer esses t\u00edtulos para casa \u00e9 uma honra. Espero que essa conquista inspire outros jovens a perseguirem seus sonhos e se dedicarem ao esporte,&#8221; disse.<\/p>\n<p><strong>CARIRI EM A\u00c7\u00c3O<\/strong><\/p>\n","protected":false},"excerpt":{"rendered":"<p>Mostrando a for\u00e7a do esporte em Santo Andr\u00e9 e o poder da dedica\u00e7\u00e3o, o jovem\u00a0 natural da cidade de Santo Andr\u00e9, Emerson Martins participou do&hellip; <\/p>\n","protected":false},"author":6,"featured_media":286202,"comment_status":"closed","ping_status":"closed","sticky":false,"template":"","format":"standard","meta":{"sfsi_plus_gutenberg_text_before_share":"","sfsi_plus_gutenberg_show_text_before_share":"","sfsi_plus_gutenberg_icon_type":"","sfsi_plus_gutenberg_icon_alignemt":"","sfsi_plus_gutenburg_max_per_row":"","footnotes":""},"categories":[50,86],"tags":[],"class_list":["post-286201","post","type-post","status-publish","format-standard","has-post-thumbnail","hentry","category-destaque","category-santo-andre"],"_links":{"self":[{"href":"https:\/\/www.caririemacao.com\/1\/wp-json\/wp\/v2\/posts\/286201","targetHints":{"allow":["GET"]}}],"collection":[{"href":"https:\/\/www.caririemacao.com\/1\/wp-json\/wp\/v2\/posts"}],"about":[{"href":"https:\/\/www.caririemacao.com\/1\/wp-json\/wp\/v2\/types\/post"}],"author":[{"embeddable":true,"href":"https:\/\/www.caririemacao.com\/1\/wp-json\/wp\/v2\/users\/6"}],"replies":[{"embeddable":true,"href":"https:\/\/www.caririemacao.com\/1\/wp-json\/wp\/v2\/comments?post=286201"}],"version-history":[{"count":2,"href":"https:\/\/www.caririemacao.com\/1\/wp-json\/wp\/v2\/posts\/286201\/revisions"}],"predecessor-version":[{"id":286204,"href":"https:\/\/www.caririemacao.com\/1\/wp-json\/wp\/v2\/posts\/286201\/revisions\/286204"}],"wp:featuredmedia":[{"embeddable":true,"href":"https:\/\/www.caririemacao.com\/1\/wp-json\/wp\/v2\/media\/286202"}],"wp:attachment":[{"href":"https:\/\/www.caririemacao.com\/1\/wp-json\/wp\/v2\/media?parent=286201"}],"wp:term":[{"taxonomy":"category","embeddable":true,"href":"https:\/\/www.caririemacao.com\/1\/wp-json\/wp\/v2\/categories?post=286201"},{"taxonomy":"post_tag","embeddable":true,"href":"https:\/\/www.caririemacao.com\/1\/wp-json\/wp\/v2\/tags?post=286201"}],"curies":[{"name":"wp","href":"https:\/\/api.w.org\/{rel}","templated":true}]}}