{"id":286301,"date":"2024-06-04T21:33:45","date_gmt":"2024-06-05T00:33:45","guid":{"rendered":"https:\/\/www.caririemacao.com\/1\/?p=286301"},"modified":"2024-06-04T21:33:45","modified_gmt":"2024-06-05T00:33:45","slug":"prefeitura-de-camalau-e-senar-promovem-mais-uma-edicao-do-saude-em-todo-lugar","status":"publish","type":"post","link":"https:\/\/www.caririemacao.com\/1\/2024\/06\/04\/prefeitura-de-camalau-e-senar-promovem-mais-uma-edicao-do-saude-em-todo-lugar\/","title":{"rendered":"Prefeitura de Camala\u00fa e Senar promovem mais uma edi\u00e7\u00e3o do \u2018Sa\u00fade em Todo Lugar\u2019"},"content":{"rendered":"<p>A Prefeitura de Camala\u00fa, em parceria com o Senar, realizou nesta ter\u00e7a-feira (04 de junho) mais uma edi\u00e7\u00e3o do programa \u201cSa\u00fade em Todo Lugar\u201d. A a\u00e7\u00e3o aconteceu no S\u00edtio Cangalha e contou com a participa\u00e7\u00e3o de muitas pessoas daquela comunidade e das comunidades adjacentes.<\/p>\n<p>Durante o evento, foram executadas diversas a\u00e7\u00f5es de sa\u00fade, incluindo testes r\u00e1pidos, vacina\u00e7\u00e3o, atendimentos com nutricionista e dentista, al\u00e9m de palestras sobre sa\u00fade preventiva. Brinquedos foram disponibilizados para as crian\u00e7as, garantindo momentos de divers\u00e3o enquanto os pais participavam das atividades.<\/p>\n<figure class=\"wp-block-image\"><img decoding=\"async\" class=\"wp-image-20515 lazyload\" data-src=\"https:\/\/blogdoalissonnascimento.com.br\/wp-content\/uploads\/2024\/06\/image.png\" alt=\"\" src=\"data:image\/svg+xml;base64,PHN2ZyB3aWR0aD0iMSIgaGVpZ2h0PSIxIiB4bWxucz0iaHR0cDovL3d3dy53My5vcmcvMjAwMC9zdmciPjwvc3ZnPg==\" \/><\/figure>\n<p>Al\u00e9m das quest\u00f5es de sa\u00fade, a a\u00e7\u00e3o tamb\u00e9m incluiu atividades de embelezamento para as mulheres, oferecendo um cuidado especial e aumentando a autoestima das participantes.<\/p>\n<p>A secret\u00e1ria de Sa\u00fade, Marilaura Mariano, a secret\u00e1ria de Trabalho e A\u00e7\u00e3o Social, Iara Mariano, e a secret\u00e1ria de Educa\u00e7\u00e3o, Sandra, juntamente com os professores do educand\u00e1rio do S\u00edtio Cangalha, foram parabenizados pelo prefeito Bira Mariano por seu empenho e dedica\u00e7\u00e3o na realiza\u00e7\u00e3o do evento.<\/p>\n<figure class=\"wp-block-image\"><img decoding=\"async\" class=\"wp-image-20516 lazyload\" data-src=\"https:\/\/blogdoalissonnascimento.com.br\/wp-content\/uploads\/2024\/06\/image-1.png\" alt=\"\" src=\"data:image\/svg+xml;base64,PHN2ZyB3aWR0aD0iMSIgaGVpZ2h0PSIxIiB4bWxucz0iaHR0cDovL3d3dy53My5vcmcvMjAwMC9zdmciPjwvc3ZnPg==\" \/><\/figure>\n<p>\u201cA parceria com o Senar \u00e9 extremamente importante para a\u00e7\u00f5es como esta. Agrade\u00e7o a todos os profissionais de sa\u00fade, a equipe da Secretaria de Trabalho e A\u00e7\u00e3o Social, a equipe da Secretaria de Educa\u00e7\u00e3o e a todas as pessoas do S\u00edtio Cangalha e adjac\u00eancias. Que Deus aben\u00e7oe a todos. Nossa miss\u00e3o \u00e9 cuidar da sa\u00fade e bem-estar da nossa popula\u00e7\u00e3o, e com iniciativas como essa, estamos no caminho certo,\u201d afirmou o prefeito Bira Mariano.<\/p>\n<figure class=\"wp-block-image\"><img decoding=\"async\" class=\"wp-image-20517 lazyload\" data-src=\"https:\/\/blogdoalissonnascimento.com.br\/wp-content\/uploads\/2024\/06\/image-2.png\" alt=\"\" src=\"data:image\/svg+xml;base64,PHN2ZyB3aWR0aD0iMSIgaGVpZ2h0PSIxIiB4bWxucz0iaHR0cDovL3d3dy53My5vcmcvMjAwMC9zdmciPjwvc3ZnPg==\" \/><\/figure>\n","protected":false},"excerpt":{"rendered":"<p>A Prefeitura de Camala\u00fa, em parceria com o Senar, realizou nesta ter\u00e7a-feira (04 de junho) mais uma edi\u00e7\u00e3o do programa \u201cSa\u00fade em Todo Lugar\u201d. A&hellip; <\/p>\n","protected":false},"author":6,"featured_media":286302,"comment_status":"closed","ping_status":"closed","sticky":false,"template":"","format":"standard","meta":{"sfsi_plus_gutenberg_text_before_share":"","sfsi_plus_gutenberg_show_text_before_share":"","sfsi_plus_gutenberg_icon_type":"","sfsi_plus_gutenberg_icon_alignemt":"","sfsi_plus_gutenburg_max_per_row":"","footnotes":""},"categories":[71,50],"tags":[],"class_list":["post-286301","post","type-post","status-publish","format-standard","has-post-thumbnail","hentry","category-camalau","category-destaque"],"_links":{"self":[{"href":"https:\/\/www.caririemacao.com\/1\/wp-json\/wp\/v2\/posts\/286301","targetHints":{"allow":["GET"]}}],"collection":[{"href":"https:\/\/www.caririemacao.com\/1\/wp-json\/wp\/v2\/posts"}],"about":[{"href":"https:\/\/www.caririemacao.com\/1\/wp-json\/wp\/v2\/types\/post"}],"author":[{"embeddable":true,"href":"https:\/\/www.caririemacao.com\/1\/wp-json\/wp\/v2\/users\/6"}],"replies":[{"embeddable":true,"href":"https:\/\/www.caririemacao.com\/1\/wp-json\/wp\/v2\/comments?post=286301"}],"version-history":[{"count":1,"href":"https:\/\/www.caririemacao.com\/1\/wp-json\/wp\/v2\/posts\/286301\/revisions"}],"predecessor-version":[{"id":286303,"href":"https:\/\/www.caririemacao.com\/1\/wp-json\/wp\/v2\/posts\/286301\/revisions\/286303"}],"wp:featuredmedia":[{"embeddable":true,"href":"https:\/\/www.caririemacao.com\/1\/wp-json\/wp\/v2\/media\/286302"}],"wp:attachment":[{"href":"https:\/\/www.caririemacao.com\/1\/wp-json\/wp\/v2\/media?parent=286301"}],"wp:term":[{"taxonomy":"category","embeddable":true,"href":"https:\/\/www.caririemacao.com\/1\/wp-json\/wp\/v2\/categories?post=286301"},{"taxonomy":"post_tag","embeddable":true,"href":"https:\/\/www.caririemacao.com\/1\/wp-json\/wp\/v2\/tags?post=286301"}],"curies":[{"name":"wp","href":"https:\/\/api.w.org\/{rel}","templated":true}]}}