{"id":286307,"date":"2024-06-05T06:19:57","date_gmt":"2024-06-05T09:19:57","guid":{"rendered":"https:\/\/www.caririemacao.com\/1\/?p=286307"},"modified":"2024-06-05T06:19:57","modified_gmt":"2024-06-05T09:19:57","slug":"marina-silva-diz-que-proteger-o-meio-ambiente-e-salvar-vidas","status":"publish","type":"post","link":"https:\/\/www.caririemacao.com\/1\/2024\/06\/05\/marina-silva-diz-que-proteger-o-meio-ambiente-e-salvar-vidas\/","title":{"rendered":"Marina Silva diz que proteger o meio ambiente \u00e9 salvar vidas"},"content":{"rendered":"<div class=\"row\">\n<p class=\"col-10 offset-1 animated fadeInDown dealy-900 display-8 display-md-8 alt-font font-italic my-1 text-center\" style=\"text-align: center;\"><em><strong>Ministra fez pronunciamento na v\u00e9spera do Dia Mundial do Meio Ambiente<\/strong><\/em><\/p>\n<p>Na v\u00e9spera do Dia Mundial do Meio Ambiente, celebrado nesta quarta-feira (5), a ministra do Meio Ambiente e Mudan\u00e7a do Clima, Marina Silva disse, em cadeia de r\u00e1dio e televis\u00e3o, que trag\u00e9dias como as que ocorreram no Rio Grande do Sul exigem engajamento e solidariedade da sociedade para evitar que situa\u00e7\u00f5es parecidas se repitam.<\/p>\n<p>\u201cCom o aumento da temperatura global, o mundo est\u00e1 vivenciando os grav\u00edssimos efeitos dos eventos clim\u00e1ticos extremos cada vez mais frequentes e severos. No Brasil, a intensifica\u00e7\u00e3o de deslizamentos, inunda\u00e7\u00f5es, secas, processos de desertifica\u00e7\u00e3o anunciam dias dif\u00edceis, sobretudo para as fam\u00edlias mais vulner\u00e1veis&#8221;, disse a ministra ontem ter\u00e7a-feira (4).<\/p>\n<p>\u201cProteger o meio ambiente \u00e9 salvar vidas, \u00e9 garantir o bem viver para ribeirinhos, pequenos comerciantes, moradores das periferias, comunidades tradicionais e pessoas que vivem em \u00e1reas de risco. Infelizmente, ainda h\u00e1 quem duvide da rela\u00e7\u00e3o entre a a\u00e7\u00e3o do homem e a rea\u00e7\u00e3o da natureza. Infelizmente, ainda h\u00e1 quem duvide da rela\u00e7\u00e3o entre a a\u00e7\u00e3o do homem e a rea\u00e7\u00e3o da natureza\u201d, alertou Marina.<\/p>\n<p>A ministra do Meio Ambiente disse que o negacionismo no pa\u00eds atrasou por v\u00e1rios anos a ado\u00e7\u00e3o de medidas urgentes, desrespeitou regras, institui\u00e7\u00f5es e servidores ambientais e imp\u00f4s um tempo perdido. \u201cPor orienta\u00e7\u00e3o do presidente Lula, o tema da mudan\u00e7a do clima vem sendo fortalecido e tratado por todos os setores e \u00e1reas do governo de forma transversal, em di\u00e1logo com toda a sociedade\u201d.<\/p>\n<p>Marina disse que est\u00e1 sendo conclu\u00edda a atualiza\u00e7\u00e3o da Estrat\u00e9gia Nacional de Mitiga\u00e7\u00e3o e Adapta\u00e7\u00e3o \u00e0 Mudan\u00e7a do Clima, que ser\u00e1 um Plano Nacional para o Enfrentamento da Emerg\u00eancia Clim\u00e1tica. Focado, principalmente, nos munic\u00edpios e \u00e1reas de maior risco, o plano vai estruturar a capacidade do governo para lidar com o pr\u00e9-desastre, fortalecendo a\u00e7\u00f5es de an\u00e1lise de risco, preven\u00e7\u00e3o e prepara\u00e7\u00e3o.<\/p>\n<p>\u201cDiante da urg\u00eancia em reverter os \u00edndices de desmatamento no Brasil, que t\u00eam efeito direto no clima, o presidente Lula estabeleceu o compromisso de desmatamento zero em todos os biomas brasileiros e j\u00e1 obtivemos resultados importantes com a redu\u00e7\u00e3o de 50% do desmatamento na Amaz\u00f4nia e redu\u00e7\u00f5es, tamb\u00e9m, no Pampa e Mata Atl\u00e2ntica, e estamos trabalhando para obter resultados, tamb\u00e9m, no Cerrado, Pantanal e Caatinga\u201d.<\/p>\n<p>Segundo ela, o momento aponta claramente para uma mudan\u00e7a de rumos. \u201cEstamos sendo desafiados a pensar juntos, criar tecnologias sustent\u00e1veis, transitar para energias n\u00e3o poluentes, com mais igualdade social e investimentos sustent\u00e1veis para todos os setores de nossa economia\u201d, acrescentou.<\/p>\n<p>Marina Silva avaliou que &#8220;os pr\u00f3ximos anos ser\u00e3o dedicados a a\u00e7\u00f5es de prote\u00e7\u00e3o e recupera\u00e7\u00e3o da biodiversidade, com a cria\u00e7\u00e3o de novas unidades de conserva\u00e7\u00e3o, uso sustent\u00e1vel de florestas, recupera\u00e7\u00e3o de \u00e1reas degradadas e combate ao desmatamento e inc\u00eandios&#8221;.<\/p>\n<p>FONTE: Portal Correio<\/p>\n<\/div>\n","protected":false},"excerpt":{"rendered":"<p>Ministra fez pronunciamento na v\u00e9spera do Dia Mundial do Meio Ambiente Na v\u00e9spera do Dia Mundial do Meio Ambiente, celebrado nesta quarta-feira (5), a ministra&hellip; <\/p>\n","protected":false},"author":6,"featured_media":286308,"comment_status":"closed","ping_status":"closed","sticky":false,"template":"","format":"standard","meta":{"sfsi_plus_gutenberg_text_before_share":"","sfsi_plus_gutenberg_show_text_before_share":"","sfsi_plus_gutenberg_icon_type":"","sfsi_plus_gutenberg_icon_alignemt":"","sfsi_plus_gutenburg_max_per_row":"","footnotes":""},"categories":[50],"tags":[],"class_list":["post-286307","post","type-post","status-publish","format-standard","has-post-thumbnail","hentry","category-destaque"],"_links":{"self":[{"href":"https:\/\/www.caririemacao.com\/1\/wp-json\/wp\/v2\/posts\/286307","targetHints":{"allow":["GET"]}}],"collection":[{"href":"https:\/\/www.caririemacao.com\/1\/wp-json\/wp\/v2\/posts"}],"about":[{"href":"https:\/\/www.caririemacao.com\/1\/wp-json\/wp\/v2\/types\/post"}],"author":[{"embeddable":true,"href":"https:\/\/www.caririemacao.com\/1\/wp-json\/wp\/v2\/users\/6"}],"replies":[{"embeddable":true,"href":"https:\/\/www.caririemacao.com\/1\/wp-json\/wp\/v2\/comments?post=286307"}],"version-history":[{"count":1,"href":"https:\/\/www.caririemacao.com\/1\/wp-json\/wp\/v2\/posts\/286307\/revisions"}],"predecessor-version":[{"id":286309,"href":"https:\/\/www.caririemacao.com\/1\/wp-json\/wp\/v2\/posts\/286307\/revisions\/286309"}],"wp:featuredmedia":[{"embeddable":true,"href":"https:\/\/www.caririemacao.com\/1\/wp-json\/wp\/v2\/media\/286308"}],"wp:attachment":[{"href":"https:\/\/www.caririemacao.com\/1\/wp-json\/wp\/v2\/media?parent=286307"}],"wp:term":[{"taxonomy":"category","embeddable":true,"href":"https:\/\/www.caririemacao.com\/1\/wp-json\/wp\/v2\/categories?post=286307"},{"taxonomy":"post_tag","embeddable":true,"href":"https:\/\/www.caririemacao.com\/1\/wp-json\/wp\/v2\/tags?post=286307"}],"curies":[{"name":"wp","href":"https:\/\/api.w.org\/{rel}","templated":true}]}}