{"id":286902,"date":"2024-06-17T08:53:19","date_gmt":"2024-06-17T11:53:19","guid":{"rendered":"https:\/\/www.caririemacao.com\/1\/?p=286902"},"modified":"2024-06-17T08:53:19","modified_gmt":"2024-06-17T11:53:19","slug":"sao-joao-de-monteiro-comeca-proxima-quarta-com-shows-de-flavio-jose-lara-e-os-filhos-de-dejinha","status":"publish","type":"post","link":"https:\/\/www.caririemacao.com\/1\/2024\/06\/17\/sao-joao-de-monteiro-comeca-proxima-quarta-com-shows-de-flavio-jose-lara-e-os-filhos-de-dejinha\/","title":{"rendered":"S\u00e3o Jo\u00e3o de Monteiro come\u00e7a pr\u00f3xima quarta com shows de Fl\u00e1vio Jos\u00e9, Lara e Os Filhos de Dejinha"},"content":{"rendered":"<p>O S\u00e3o Jo\u00e3o 2024 de Monteiro come\u00e7a a partir da pr\u00f3xima quarta-feira (19) e se estende at\u00e9 o dia 29. Este ano, a abertura ficar\u00e1 por conta do cantor Fl\u00e1vio Jos\u00e9, Lara Am\u00e9lia e Os Filhos de Dejinha, no parque de Eventos Dejinha de Monteiro. O forr\u00f3 tamb\u00e9m vai rolar solto no S\u00edtio S\u00e3o Francisco, localizado ao lado do Mercado P\u00fablico, no Centro da cidade.<\/p>\n<p><strong>Programa\u00e7\u00e3o do S\u00e3o Jo\u00e3o 2024 de Monteiro<\/strong><\/p>\n<p><strong>Palco Principal<\/strong><\/p>\n<p><strong>19 de junho (quarta-feira)<\/strong><\/p>\n<p>Fl\u00e1vio Jos\u00e9<br \/>\nLara Am\u00e9lia<br \/>\nOs Filhos de Dejinha<\/p>\n<p><strong>20 de junho (quinta-feira)<\/strong><\/p>\n<p>Mateus e Kauan<br \/>\nFelipe Alc\u00e2ntara<br \/>\nAdriano Silva<\/p>\n<p><strong>21 de junho (sexta-feira)<\/strong><\/p>\n<p>Z\u00e9 Vaqueiro<br \/>\nNeno, O Magn\u00edfico<br \/>\nK\u00e1tia de Tr\u00f3ia<\/p>\n<p><strong>22 de junho (s\u00e1bado)<\/strong><\/p>\n<p>Raphaela Santos<br \/>\nEliane<br \/>\nFabiana Souto<br \/>\nTony Lucco<\/p>\n<p><strong>23 de junho (domingo)<\/strong><\/p>\n<p>Magn\u00edficos<br \/>\nChicabana<br \/>\nJ\u00falio Martins<\/p>\n<p><strong>28 de junho (sexta-feira)<\/strong><\/p>\n<p>Forr\u00f3 do Momento<br \/>\nZez\u00e9 di Camargo e Luciano<\/p>\n<p><strong>S\u00edtio S\u00e3o Francisco<\/strong><\/p>\n<p><strong>19 de junho (quarta-feira)<\/strong><\/p>\n<p>Tuta do Acordeon<br \/>\nOsmando Silva<br \/>\nForr\u00f3 da Gera\u00e7\u00e3o<\/p>\n<p><strong>20 de junho (quinta-feira)<\/strong><\/p>\n<p>Zezinho<br \/>\nChiquinho de Bel\u00e9m<br \/>\nPaulinho Pantera<\/p>\n<p><strong>21 de junho (sexta-feira)<\/strong><\/p>\n<p>Fagundes<br \/>\nArturzinho do Acordeon<br \/>\nIngrid Mickaelle<\/p>\n<p><strong>22 de junho (s\u00e1bado)<\/strong><\/p>\n<p>C\u00edcero de Estende<br \/>\nGente Boa<br \/>\nForr\u00f3 Eu<\/p>\n<p><strong>23 de junho (domingo)<\/strong><\/p>\n<p>Adriano Lima<br \/>\nForr\u00f3 Kent<br \/>\nVictor Hugo<\/p>\n<p><strong>24 de junho (segunda-feira)<\/strong><\/p>\n<p>Ceguinho do Piado<br \/>\nKiel do Acordeon<br \/>\nNanado Alves<br \/>\nKarla Julyane<\/p>\n<p><strong>25 de junho (ter\u00e7a-feira)<\/strong><\/p>\n<p>Ramiro do Acordeon<br \/>\nFl\u00e1vio e Cleide Forr\u00f3 das Antigas<br \/>\nFranklin Dias e Klau<br \/>\nXote Universit\u00e1rio<\/p>\n<p><strong>26 de junho (quarta-feira)<\/strong><\/p>\n<p>Ara\u00fajos do Forr\u00f3<br \/>\nPreto do Acordeon<br \/>\nClaudenir Fernandes<br \/>\nAdilson Trov\u00e3o<br \/>\nNico Batista<\/p>\n<p><strong>27 de junho (quinta-feira)<\/strong><\/p>\n<p>Biu dos Teclados<br \/>\nNiedson Nill<br \/>\nPatr\u00f5es do Forr\u00f3<br \/>\nLuiz e J\u00fanior<\/p>\n<p><strong>28 de junho (sexta-feira)<\/strong><\/p>\n<p>Jo\u00e3o de Ti\u00e3o<br \/>\nSuelen<br \/>\nEry Carlos<br \/>\nBanda Sou Mais Forr\u00f3<\/p>\n<p><strong>29 de junho (s\u00e1bado)<\/strong><\/p>\n<p>Edvaldo do Acordeon<br \/>\nCloves Ferreira<br \/>\nL\u00facio e L\u00e9o<br \/>\nForroz\u00e3o MW<\/p>\n","protected":false},"excerpt":{"rendered":"<p>O S\u00e3o Jo\u00e3o 2024 de Monteiro come\u00e7a a partir da pr\u00f3xima quarta-feira (19) e se estende at\u00e9 o dia 29. Este ano, a abertura ficar\u00e1 por conta do cantor Fl\u00e1vio Jos\u00e9, Lara Am\u00e9lia e Os Filhos de Dejinha, no parque de Eventos Dejinha de Monteiro. O forr\u00f3 tamb\u00e9m vai rolar solto no S\u00edtio S\u00e3o Francisco, localizado ao lado do Mercado P\u00fablico, no Centro da cidade. Programa\u00e7\u00e3o do S\u00e3o Jo\u00e3o 2024 de Monteiro Palco Principal 19 de junho (quarta-feira) Fl\u00e1vio Jos\u00e9 Lara Am\u00e9lia Os Filhos de Dejinha 20 de junho (quinta-feira) Mateus e Kauan Felipe Alc\u00e2ntara Adriano Silva 21 de junho (sexta-feira) Z\u00e9 Vaqueiro Neno, O Magn\u00edfico K\u00e1tia de Tr\u00f3ia 22 de junho (s\u00e1bado) Raphaela Santos Eliane Fabiana Souto Tony Lucco 23 de junho (domingo) Magn\u00edficos Chicabana J\u00falio Martins 28 de junho (sexta-feira) Forr\u00f3 do Momento Zez\u00e9 di Camargo e Luciano S\u00edtio S\u00e3o Francisco 19 de junho (quarta-feira) Tuta do Acordeon Osmando Silva Forr\u00f3 da Gera\u00e7\u00e3o 20 de junho (quinta-feira) Zezinho Chiquinho de Bel\u00e9m Paulinho Pantera 21 de junho (sexta-feira) Fagundes Arturzinho do Acordeon Ingrid Mickaelle 22 de junho (s\u00e1bado) C\u00edcero de Estende Gente Boa Forr\u00f3 Eu 23 de junho (domingo) Adriano Lima Forr\u00f3 Kent Victor Hugo 24 de junho (segunda-feira) Ceguinho do Piado Kiel do Acordeon Nanado Alves Karla Julyane 25 de junho (ter\u00e7a-feira) Ramiro do Acordeon Fl\u00e1vio e Cleide Forr\u00f3 das Antigas Franklin Dias e Klau Xote Universit\u00e1rio 26 de junho (quarta-feira) Ara\u00fajos do Forr\u00f3 Preto do Acordeon Claudenir Fernandes Adilson Trov\u00e3o Nico Batista 27 de junho (quinta-feira) Biu dos Teclados Niedson Nill Patr\u00f5es do Forr\u00f3 Luiz e J\u00fanior 28 de junho (sexta-feira) Jo\u00e3o de Ti\u00e3o Suelen Ery Carlos Banda Sou Mais Forr\u00f3 29 de junho (s\u00e1bado) Edvaldo do Acordeon Cloves Ferreira L\u00facio e L\u00e9o Forroz\u00e3o MW<\/p>\n","protected":false},"author":6,"featured_media":286321,"comment_status":"closed","ping_status":"closed","sticky":false,"template":"","format":"standard","meta":{"sfsi_plus_gutenberg_text_before_share":"","sfsi_plus_gutenberg_show_text_before_share":"","sfsi_plus_gutenberg_icon_type":"","sfsi_plus_gutenberg_icon_alignemt":"","sfsi_plus_gutenburg_max_per_row":"","footnotes":""},"categories":[15,50],"tags":[],"class_list":["post-286902","post","type-post","status-publish","format-standard","has-post-thumbnail","hentry","category-cultura","category-destaque"],"_links":{"self":[{"href":"https:\/\/www.caririemacao.com\/1\/wp-json\/wp\/v2\/posts\/286902","targetHints":{"allow":["GET"]}}],"collection":[{"href":"https:\/\/www.caririemacao.com\/1\/wp-json\/wp\/v2\/posts"}],"about":[{"href":"https:\/\/www.caririemacao.com\/1\/wp-json\/wp\/v2\/types\/post"}],"author":[{"embeddable":true,"href":"https:\/\/www.caririemacao.com\/1\/wp-json\/wp\/v2\/users\/6"}],"replies":[{"embeddable":true,"href":"https:\/\/www.caririemacao.com\/1\/wp-json\/wp\/v2\/comments?post=286902"}],"version-history":[{"count":1,"href":"https:\/\/www.caririemacao.com\/1\/wp-json\/wp\/v2\/posts\/286902\/revisions"}],"predecessor-version":[{"id":286904,"href":"https:\/\/www.caririemacao.com\/1\/wp-json\/wp\/v2\/posts\/286902\/revisions\/286904"}],"wp:featuredmedia":[{"embeddable":true,"href":"https:\/\/www.caririemacao.com\/1\/wp-json\/wp\/v2\/media\/286321"}],"wp:attachment":[{"href":"https:\/\/www.caririemacao.com\/1\/wp-json\/wp\/v2\/media?parent=286902"}],"wp:term":[{"taxonomy":"category","embeddable":true,"href":"https:\/\/www.caririemacao.com\/1\/wp-json\/wp\/v2\/categories?post=286902"},{"taxonomy":"post_tag","embeddable":true,"href":"https:\/\/www.caririemacao.com\/1\/wp-json\/wp\/v2\/tags?post=286902"}],"curies":[{"name":"wp","href":"https:\/\/api.w.org\/{rel}","templated":true}]}}