{"id":286919,"date":"2024-06-17T10:01:06","date_gmt":"2024-06-17T13:01:06","guid":{"rendered":"https:\/\/www.caririemacao.com\/1\/?p=286919"},"modified":"2024-06-17T10:01:21","modified_gmt":"2024-06-17T13:01:21","slug":"corinthians-tem-negociacao-avancada-para-contratar-o-goleiro-caririzeiro-santos","status":"publish","type":"post","link":"https:\/\/www.caririemacao.com\/1\/2024\/06\/17\/corinthians-tem-negociacao-avancada-para-contratar-o-goleiro-caririzeiro-santos\/","title":{"rendered":"Corinthians tem negocia\u00e7\u00e3o avan\u00e7ada para contratar o goleiro caririzeiro Santos"},"content":{"rendered":"<p>O\u00a0Corinthians\u00a0tem negocia\u00e7\u00e3o avan\u00e7ada para contratar o goleiro paraibano Santos, do Fortaleza. A inten\u00e7\u00e3o da dire\u00e7\u00e3o alvinegra \u00e9 finalizar o neg\u00f3cio nos pr\u00f3ximos dias, antes da abertura da janela de transfer\u00eancias, que ser\u00e1 no dia 10 de julho.<\/p>\n<p>Prestes a perder Carlos Miguel para o ingl\u00eas Nottingham Forest, o Tim\u00e3o viu em Santos o melhor custo benef\u00edcio no mercado neste momento.<\/p>\n<p>O clube considera que para contratar o goleiro n\u00e3o ser\u00e1 necess\u00e1rio alto investimento, al\u00e9m de entender que Santos chega com a experi\u00eancia necess\u00e1ria para assumir a vaga de titular.<\/p>\n<p>Natural de Cabaceiras, na Para\u00edba, Santos trabalhou com Ant\u00f3nio Oliveira no Athletico-PR antes de se transferir para o Flamengo. O goleiro acumula convoca\u00e7\u00f5es para a sele\u00e7\u00e3o brasileira e foi aprovado pelo CIFUT (Centro de Intelig\u00eancia do Futebol) do\u00a0Corinthians.<\/p>\n<p>As negocia\u00e7\u00f5es est\u00e3o sendo conduzidas por Fabinho Soldado, que trabalha praticamente sozinho no departamento desde as sa\u00eddas de Rubens Gomes e Fernando Alba, que ocupavam cargos estatut\u00e1rios no futebol.<\/p>\n<p>O Corinthians\u00a0agora busca um entendimento com o Fortaleza para fazer a contrata\u00e7\u00e3o de Santos. O Le\u00e3o deseja ao menos recuperar o investimento feito para tir\u00e1-lo do Flamengo. Ao todo, a negocia\u00e7\u00e3o foi de U$S 1,3 milh\u00e3o, sendo duas parcelas de 500 mil d\u00f3lares (uma j\u00e1 quitada e outra a vencer em 2025). Outros 300 mil d\u00f3lares eram condicionados ao desempenho do jogador no clube cearense.<\/p>\n<p>Santos foi contratado para ser titular do Fortaleza, mas fez apenas quatro partidas nesta temporada. Com grandes atua\u00e7\u00f5es, inclusive contra o Corinthians\u00a0no Brasileir\u00e3o, Jo\u00e3o Ricardo vem sendo o titular no Le\u00e3o.<\/p>\n<p>Caso o\u00a0Corinthians\u00a0se acerte com o Fortaleza, Santos deve assinar contrato at\u00e9 o fim de 2026 com o time alvinegro. Al\u00e9m de Carlos Miguel, o Tim\u00e3o tem Matheus Donelli e Felipe Longo como op\u00e7\u00f5es para o gol neste momento no elenco.<\/p>\n<p>Mesmo que consiga contratar Santos nos pr\u00f3ximos dias, o goleiro s\u00f3 poder\u00e1 atuar a partir de 10 de julho pelo clube, data da abertura do registro de novos contratos de jogadores na CBF.<\/p>\n","protected":false},"excerpt":{"rendered":"<p>O\u00a0Corinthians\u00a0tem negocia\u00e7\u00e3o avan\u00e7ada para contratar o goleiro paraibano Santos, do Fortaleza. A inten\u00e7\u00e3o da dire\u00e7\u00e3o alvinegra \u00e9 finalizar o neg\u00f3cio nos pr\u00f3ximos dias, antes da abertura da janela de transfer\u00eancias, que ser\u00e1 no dia 10 de julho. Prestes a perder Carlos Miguel para o ingl\u00eas Nottingham Forest, o Tim\u00e3o viu em Santos o melhor custo benef\u00edcio no mercado neste momento. O clube considera que para contratar o goleiro n\u00e3o ser\u00e1 necess\u00e1rio alto investimento, al\u00e9m de entender que Santos chega com a experi\u00eancia necess\u00e1ria para assumir a vaga de titular. Natural de Cabaceiras, na Para\u00edba, Santos trabalhou com Ant\u00f3nio Oliveira no Athletico-PR antes de se transferir para o Flamengo. O goleiro acumula convoca\u00e7\u00f5es para a sele\u00e7\u00e3o brasileira e foi aprovado pelo CIFUT (Centro de Intelig\u00eancia do Futebol) do\u00a0Corinthians. As negocia\u00e7\u00f5es est\u00e3o sendo conduzidas por Fabinho Soldado, que trabalha praticamente sozinho no departamento desde as sa\u00eddas de Rubens Gomes e Fernando Alba, que ocupavam cargos estatut\u00e1rios no futebol. O Corinthians\u00a0agora busca um entendimento com o Fortaleza para fazer a contrata\u00e7\u00e3o de Santos. O Le\u00e3o deseja ao menos recuperar o investimento feito para tir\u00e1-lo do Flamengo. Ao todo, a negocia\u00e7\u00e3o foi de U$S 1,3 milh\u00e3o, sendo duas parcelas de 500 mil d\u00f3lares (uma j\u00e1 quitada e outra a vencer em 2025). Outros 300 mil d\u00f3lares eram condicionados ao desempenho do jogador no clube cearense. Santos foi contratado para ser titular do Fortaleza, mas fez apenas quatro partidas nesta temporada. Com grandes atua\u00e7\u00f5es, inclusive contra o Corinthians\u00a0no Brasileir\u00e3o, Jo\u00e3o Ricardo vem sendo o titular no Le\u00e3o. Caso o\u00a0Corinthians\u00a0se acerte com o Fortaleza, Santos deve assinar contrato at\u00e9 o fim de 2026 com o time alvinegro. Al\u00e9m de Carlos Miguel, o Tim\u00e3o tem Matheus Donelli e Felipe Longo como op\u00e7\u00f5es para o gol neste momento no elenco. Mesmo que consiga contratar Santos nos pr\u00f3ximos dias, o goleiro s\u00f3 poder\u00e1 atuar a partir de 10 de julho pelo clube, data da abertura do registro de novos contratos de jogadores na CBF.<\/p>\n","protected":false},"author":6,"featured_media":286920,"comment_status":"closed","ping_status":"closed","sticky":false,"template":"","format":"standard","meta":{"sfsi_plus_gutenberg_text_before_share":"","sfsi_plus_gutenberg_show_text_before_share":"","sfsi_plus_gutenberg_icon_type":"","sfsi_plus_gutenberg_icon_alignemt":"","sfsi_plus_gutenburg_max_per_row":"","footnotes":""},"categories":[106,50],"tags":[],"class_list":["post-286919","post","type-post","status-publish","format-standard","has-post-thumbnail","hentry","category-cariri","category-destaque"],"_links":{"self":[{"href":"https:\/\/www.caririemacao.com\/1\/wp-json\/wp\/v2\/posts\/286919","targetHints":{"allow":["GET"]}}],"collection":[{"href":"https:\/\/www.caririemacao.com\/1\/wp-json\/wp\/v2\/posts"}],"about":[{"href":"https:\/\/www.caririemacao.com\/1\/wp-json\/wp\/v2\/types\/post"}],"author":[{"embeddable":true,"href":"https:\/\/www.caririemacao.com\/1\/wp-json\/wp\/v2\/users\/6"}],"replies":[{"embeddable":true,"href":"https:\/\/www.caririemacao.com\/1\/wp-json\/wp\/v2\/comments?post=286919"}],"version-history":[{"count":1,"href":"https:\/\/www.caririemacao.com\/1\/wp-json\/wp\/v2\/posts\/286919\/revisions"}],"predecessor-version":[{"id":286921,"href":"https:\/\/www.caririemacao.com\/1\/wp-json\/wp\/v2\/posts\/286919\/revisions\/286921"}],"wp:featuredmedia":[{"embeddable":true,"href":"https:\/\/www.caririemacao.com\/1\/wp-json\/wp\/v2\/media\/286920"}],"wp:attachment":[{"href":"https:\/\/www.caririemacao.com\/1\/wp-json\/wp\/v2\/media?parent=286919"}],"wp:term":[{"taxonomy":"category","embeddable":true,"href":"https:\/\/www.caririemacao.com\/1\/wp-json\/wp\/v2\/categories?post=286919"},{"taxonomy":"post_tag","embeddable":true,"href":"https:\/\/www.caririemacao.com\/1\/wp-json\/wp\/v2\/tags?post=286919"}],"curies":[{"name":"wp","href":"https:\/\/api.w.org\/{rel}","templated":true}]}}