{"id":28700,"date":"2017-09-17T09:35:38","date_gmt":"2017-09-17T12:35:38","guid":{"rendered":"http:\/\/caririemacao.com\/1\/?p=28700"},"modified":"2017-09-17T09:35:38","modified_gmt":"2017-09-17T12:35:38","slug":"raquel-dodge-da-30-dias-para-saida-da-atual-equipe-da-lava-jato-na-pgr-diz-revista","status":"publish","type":"post","link":"https:\/\/www.caririemacao.com\/1\/2017\/09\/17\/raquel-dodge-da-30-dias-para-saida-da-atual-equipe-da-lava-jato-na-pgr-diz-revista\/","title":{"rendered":"Raquel Dodge d\u00e1 30 dias para sa\u00edda da atual equipe da Lava-Jato na PGR, diz revista"},"content":{"rendered":"<div class=\"contentPost\">\n<p>A nova procuradora-geral da Rep\u00fablica, Raquel Dodge, decidiu dar prazo de 30 dias para a sa\u00edda da atual equipe da Opera\u00e7\u00e3o Lava-Jato na PGR, que havia sido\u00a0nomeada por seu antecessor, Rodrigo Janot.<\/p>\n<p>As informa\u00e7\u00f5es s\u00e3o da\u00a0revista \u00c9poca, que teve acesso \u00e0 minuta da portaria a ser publicada por Dodge depois de sua posse, marcada para segunda-feira.<\/p>\n<p>A nova procuradora-geral deve estabelecer que os principais nomes da atual equipe montem um gabinete de transi\u00e7\u00e3o, por 30 dias, para repassar informa\u00e7\u00f5es ao novo grupo. Conforme a publica\u00e7\u00e3o, apenas dois procuradores\u00a0ser\u00e3o mantidos.<\/p>\n<p>Mudan\u00e7as em cargos estrat\u00e9gicos s\u00e3o consideradas normais em processos de troca de comando da PGR. No entanto, segundo a reportagem, a portaria causou desconforto no atual grupo de trabalho\u00a0da Lava-Jato, j\u00e1 que parte dos investigadores negociava sua perman\u00eancia.<\/p>\n<p>Dodge havia anunciado que todos os integrantes da equipe anterior estavam convidados a permanecer. Por esse motivo, a\u00a0portaria teria sido vista por procuradores como descumprimento da\u00a0promessa.<\/p>\n<p><strong>CARIRI EM A\u00c7\u00c3O<\/strong><\/p>\n<\/div>\n<p><em>Com\u00a0<\/em>Zero Hora<em> \/Foto:Antonio Cruz \/ Ag\u00eancia Brasil<\/em><\/p>\n<p><strong>Leia mais not\u00edcias em\u00a0<\/strong><a href=\"http:\/\/www.caririemacao.com\/\"><strong>caririemacao.com<\/strong><\/a><strong>, siga nossa p\u00e1gina no\u00a0<\/strong><a href=\"https:\/\/www.facebook.com\/CaririEmAcao\/?ref=aymt_homepage_panel\"><strong>Facebook<\/strong><\/a>,<strong>\u00a0<\/strong><a href=\"https:\/\/www.instagram.com\/cariri_em_acao\/?hl=pt-br\"><strong>Instagram<\/strong><\/a><strong>\u00a0e <\/strong><a href=\"https:\/\/www.youtube.com\/channel\/UCAptA0jQuYQy8vMhLt2m4qg\"><strong>Youtube<\/strong><\/a><strong>\u00a0e veja nossas mat\u00e9rias, v\u00eddeos e fotos. Voc\u00ea tamb\u00e9m pode enviar informa\u00e7\u00f5es \u00e0 Reda\u00e7\u00e3o do Portal Cariri em A\u00e7\u00e3o pelo WhatsApp (83) 9 9634.5791, (83) 9 9601-1162.<\/strong><\/p>\n","protected":false},"excerpt":{"rendered":"<p>A nova procuradora-geral da Rep\u00fablica, Raquel Dodge, decidiu dar prazo de 30 dias para a sa\u00edda da atual equipe da Opera\u00e7\u00e3o Lava-Jato na PGR, que&hellip; <\/p>\n","protected":false},"author":2,"featured_media":28701,"comment_status":"closed","ping_status":"closed","sticky":false,"template":"","format":"standard","meta":{"sfsi_plus_gutenberg_text_before_share":"","sfsi_plus_gutenberg_show_text_before_share":"","sfsi_plus_gutenberg_icon_type":"","sfsi_plus_gutenberg_icon_alignemt":"","sfsi_plus_gutenburg_max_per_row":"","footnotes":""},"categories":[2],"tags":[],"class_list":["post-28700","post","type-post","status-publish","format-standard","has-post-thumbnail","hentry","category-geral"],"_links":{"self":[{"href":"https:\/\/www.caririemacao.com\/1\/wp-json\/wp\/v2\/posts\/28700","targetHints":{"allow":["GET"]}}],"collection":[{"href":"https:\/\/www.caririemacao.com\/1\/wp-json\/wp\/v2\/posts"}],"about":[{"href":"https:\/\/www.caririemacao.com\/1\/wp-json\/wp\/v2\/types\/post"}],"author":[{"embeddable":true,"href":"https:\/\/www.caririemacao.com\/1\/wp-json\/wp\/v2\/users\/2"}],"replies":[{"embeddable":true,"href":"https:\/\/www.caririemacao.com\/1\/wp-json\/wp\/v2\/comments?post=28700"}],"version-history":[{"count":0,"href":"https:\/\/www.caririemacao.com\/1\/wp-json\/wp\/v2\/posts\/28700\/revisions"}],"wp:featuredmedia":[{"embeddable":true,"href":"https:\/\/www.caririemacao.com\/1\/wp-json\/wp\/v2\/media\/28701"}],"wp:attachment":[{"href":"https:\/\/www.caririemacao.com\/1\/wp-json\/wp\/v2\/media?parent=28700"}],"wp:term":[{"taxonomy":"category","embeddable":true,"href":"https:\/\/www.caririemacao.com\/1\/wp-json\/wp\/v2\/categories?post=28700"},{"taxonomy":"post_tag","embeddable":true,"href":"https:\/\/www.caririemacao.com\/1\/wp-json\/wp\/v2\/tags?post=28700"}],"curies":[{"name":"wp","href":"https:\/\/api.w.org\/{rel}","templated":true}]}}