{"id":28764,"date":"2017-09-17T23:32:35","date_gmt":"2017-09-18T02:32:35","guid":{"rendered":"http:\/\/caririemacao.com\/1\/?p=28764"},"modified":"2017-09-18T01:53:32","modified_gmt":"2017-09-18T04:53:32","slug":"caririzeiros-representam-a-regiao-em-planejamento-estrategico-do-orcamento-democratico-em-joao-pessoa","status":"publish","type":"post","link":"https:\/\/www.caririemacao.com\/1\/2017\/09\/17\/caririzeiros-representam-a-regiao-em-planejamento-estrategico-do-orcamento-democratico-em-joao-pessoa\/","title":{"rendered":"Caririzeiros representam a regi\u00e3o em Planejamento Estrat\u00e9gico do Or\u00e7amento Democr\u00e1tico em Jo\u00e3o Pessoa"},"content":{"rendered":"<p>Durante os dias 12 e 13 deste m\u00eas, 42 conselheiros do Or\u00e7amento Democr\u00e1tico estiveram na capital Jo\u00e3o Pessoa participando de reuni\u00f5es com o Governo do Estado, entre eles, tr\u00eas da regi\u00e3o do Cariri Ocidental.\u00a0Os conselheiros Marivaldo Alc\u00e2ntara (Sum\u00e9), Paolla Leite (S\u00e3o Jos\u00e9 dos Cordeiros) e Andressa Pereira (S\u00e3o Jo\u00e3o do Tigre) participaram do planejamento estrat\u00e9gico que discutiu as demandas para a regi\u00e3o do Cariri Paraibano.<\/p>\n<p>Segundo o conselheiro estadual, Marivaldo Alc\u00e2ntara, das demandas apontadas pela sociedade em audi\u00eancia p\u00fablica, realizada no m\u00eas de maio em Sum\u00e9 e sistematizadas em uma reuni\u00e3o do Conselho Regional do OD, no \u00faltimo dia 04 deste m\u00eas em Campina Grande, ficaram confirmadas que duas obras solicitadas pela popula\u00e7\u00e3o ser\u00e3o executadas na \u00e1rea de educa\u00e7\u00e3o, sendo a constru\u00e7\u00e3o da Escola Estadual de Ensino M\u00e9dio na cidade de Santo Andr\u00e9, na ordem de 3,2 milh\u00f5es de reais e a reforma da Escola Estadual Jos\u00e9 Leite, em Monteiro, ambas para o or\u00e7amento do pr\u00f3ximo ano.<\/p>\n<p>J\u00e1 na \u00e1rea de seguran\u00e7a, algumas a\u00e7\u00f5es ser\u00e3o realizadas na regi\u00e3o, entre elas, intensifica\u00e7\u00e3o nas rondas, abordagens e outras a\u00e7\u00f5es, mas n\u00e3o foi confirmada a realiza\u00e7\u00e3o de concurso p\u00fablico para a PM, nem t\u00e3o pouco, reforma nas cadeias como foi sugerida pela sociedade. Ainda houve sinaliza\u00e7\u00e3o positiva da implanta\u00e7\u00e3o de um sistema de monitoramento dos munic\u00edpios que comp\u00f5em a 5\u00aa regi\u00e3o. A Pol\u00edcia Militar disse que o pedido ser\u00e1 analisado tecnicamente.<\/p>\n<p>A conselheira estadual Paolla Leite disse que o DER informou que as estradas de Santo Andr\u00e9 a Juazeirinho e a de Sum\u00e9 a Tapero\u00e1 poder\u00e3o ser executadas quando for autorizada, pelo Governo Federal, a libera\u00e7\u00e3o dos recursos, resultado de empr\u00e9stimos junto a institui\u00e7\u00f5es banc\u00e1ria.<\/p>\n<p>Na oportunidade, a cordeirense Paolla Leite foi eleita para fazer parte da Coordena\u00e7\u00e3o Executiva do Conselho Estadual do Or\u00e7amento Democr\u00e1tico.<\/p>\n<p><strong>CARIRI EM A\u00c7\u00c3O<\/strong><\/p>\n<p><strong>Leia mais not\u00edcias em\u00a0<\/strong><a href=\"http:\/\/www.caririemacao.com\/\"><strong>caririemacao.com<\/strong><\/a><strong>, siga nossa p\u00e1gina no\u00a0<\/strong><a href=\"https:\/\/www.facebook.com\/CaririEmAcao\/?ref=aymt_homepage_panel\"><strong>Facebook<\/strong><\/a><strong>,\u00a0<\/strong><a href=\"https:\/\/www.instagram.com\/cariri_em_acao\/?hl=pt-br\"><strong>Instagram<\/strong><\/a><strong>\u00a0e <\/strong><a href=\"https:\/\/www.youtube.com\/channel\/UCAptA0jQuYQy8vMhLt2m4qg\"><strong>Youtube<\/strong><\/a><strong>\u00a0e veja nossas mat\u00e9rias, v\u00eddeos e fotos. Voc\u00ea tamb\u00e9m pode enviar informa\u00e7\u00f5es \u00e0 Reda\u00e7\u00e3o do Portal Cariri em A\u00e7\u00e3o pelo WhatsApp (83) 9 9634.5791, (83) 9 9601-1162.<\/strong><\/p>\n","protected":false},"excerpt":{"rendered":"<p>Durante os dias 12 e 13 deste m\u00eas, 42 conselheiros do Or\u00e7amento Democr\u00e1tico estiveram na capital Jo\u00e3o Pessoa participando de reuni\u00f5es com o Governo do&hellip; <\/p>\n","protected":false},"author":2,"featured_media":28765,"comment_status":"closed","ping_status":"closed","sticky":false,"template":"","format":"standard","meta":{"sfsi_plus_gutenberg_text_before_share":"","sfsi_plus_gutenberg_show_text_before_share":"","sfsi_plus_gutenberg_icon_type":"","sfsi_plus_gutenberg_icon_alignemt":"","sfsi_plus_gutenburg_max_per_row":"","footnotes":""},"categories":[2],"tags":[],"class_list":["post-28764","post","type-post","status-publish","format-standard","has-post-thumbnail","hentry","category-geral"],"_links":{"self":[{"href":"https:\/\/www.caririemacao.com\/1\/wp-json\/wp\/v2\/posts\/28764","targetHints":{"allow":["GET"]}}],"collection":[{"href":"https:\/\/www.caririemacao.com\/1\/wp-json\/wp\/v2\/posts"}],"about":[{"href":"https:\/\/www.caririemacao.com\/1\/wp-json\/wp\/v2\/types\/post"}],"author":[{"embeddable":true,"href":"https:\/\/www.caririemacao.com\/1\/wp-json\/wp\/v2\/users\/2"}],"replies":[{"embeddable":true,"href":"https:\/\/www.caririemacao.com\/1\/wp-json\/wp\/v2\/comments?post=28764"}],"version-history":[{"count":0,"href":"https:\/\/www.caririemacao.com\/1\/wp-json\/wp\/v2\/posts\/28764\/revisions"}],"wp:featuredmedia":[{"embeddable":true,"href":"https:\/\/www.caririemacao.com\/1\/wp-json\/wp\/v2\/media\/28765"}],"wp:attachment":[{"href":"https:\/\/www.caririemacao.com\/1\/wp-json\/wp\/v2\/media?parent=28764"}],"wp:term":[{"taxonomy":"category","embeddable":true,"href":"https:\/\/www.caririemacao.com\/1\/wp-json\/wp\/v2\/categories?post=28764"},{"taxonomy":"post_tag","embeddable":true,"href":"https:\/\/www.caririemacao.com\/1\/wp-json\/wp\/v2\/tags?post=28764"}],"curies":[{"name":"wp","href":"https:\/\/api.w.org\/{rel}","templated":true}]}}