{"id":28769,"date":"2017-09-17T23:55:52","date_gmt":"2017-09-18T02:55:52","guid":{"rendered":"http:\/\/caririemacao.com\/1\/?p=28769"},"modified":"2017-09-17T23:55:52","modified_gmt":"2017-09-18T02:55:52","slug":"conselheiros-do-od-confirmam-construcao-de-escola-de-ensino-medio-para-santo-andre","status":"publish","type":"post","link":"https:\/\/www.caririemacao.com\/1\/2017\/09\/17\/conselheiros-do-od-confirmam-construcao-de-escola-de-ensino-medio-para-santo-andre\/","title":{"rendered":"Conselheiros do OD confirmam constru\u00e7\u00e3o de escola de Ensino M\u00e9dio para Santo Andr\u00e9"},"content":{"rendered":"<p>Os conselheiros Marivaldo Alc\u00e2ntara (Sum\u00e9), Paolla Leite (S\u00e3o Jos\u00e9 dos Cordeiros) e Andressa Pereira (S\u00e3o Jo\u00e3o do Tigre) que estiveram participaram do planejamento estrat\u00e9gico que discutiu as demandas para a regi\u00e3o do Cariri Paraibano, entre os dias 12 e 13 deste m\u00eas, representando a regi\u00e3o do Cariri Ocidental, confirmaram que a escola de ensino m\u00e9dio de Santo Andr\u00e9 ser\u00e1 constru\u00edda.<\/p>\n<p>Segundo o conselheiro estadual, Marivaldo Alc\u00e2ntara, das demandas apontadas pela sociedade em audi\u00eancia p\u00fablica, realizada no m\u00eas de maio em Sum\u00e9 e sistematizadas em uma reuni\u00e3o do Conselho Regional do OD, no \u00faltimo dia 04 deste m\u00eas em Campina Grande, ficaram confirmadas durante o Planejamento Estrat\u00e9gico, que duas obras solicitadas pela popula\u00e7\u00e3o ser\u00e3o executadas na \u00e1rea de educa\u00e7\u00e3o, sendo a constru\u00e7\u00e3o da Escola Estadual de Ensino M\u00e9dio na cidade de Santo Andr\u00e9, na ordem de 3,2 milh\u00f5es de reais e a reforma da Escola Estadual Jos\u00e9 Leite, em Monteiro. Ambas para o or\u00e7amento do pr\u00f3ximo ano.<\/p>\n<p>Marivaldo informou que a constru\u00e7\u00e3o da escola de Ensino M\u00e9dio \u00e9 um pedido antigo da popula\u00e7\u00e3o de Santo Andr\u00e9, atrav\u00e9s das plen\u00e1rias do OD e que foi ratificado e refor\u00e7ado pela prefeita do munic\u00edpio Silvana Marinho que dou um terreno para a constru\u00e7\u00e3o do educand\u00e1rio, sendo esta doa\u00e7\u00e3o, uma condicionante para a confirma\u00e7\u00e3o da constru\u00e7\u00e3o da escola no munic\u00edpio.<\/p>\n<p><strong>CARIRI EM A\u00c7\u00c3O<\/strong><\/p>\n<p><strong>Leia mais not\u00edcias em\u00a0<\/strong><a href=\"http:\/\/www.caririemacao.com\/\"><strong>caririemacao.com<\/strong><\/a><strong>, siga nossa p\u00e1gina no\u00a0<\/strong><a href=\"https:\/\/www.facebook.com\/CaririEmAcao\/?ref=aymt_homepage_panel\"><strong>Facebook<\/strong><\/a><strong>,\u00a0<\/strong><a href=\"https:\/\/www.instagram.com\/cariri_em_acao\/?hl=pt-br\"><strong>Instagram<\/strong><\/a><strong>\u00a0e <\/strong><a href=\"https:\/\/www.youtube.com\/channel\/UCAptA0jQuYQy8vMhLt2m4qg\"><strong>Youtube<\/strong><\/a><strong>\u00a0e veja nossas mat\u00e9rias, v\u00eddeos e fotos. Voc\u00ea tamb\u00e9m pode enviar informa\u00e7\u00f5es \u00e0 Reda\u00e7\u00e3o do Portal Cariri em A\u00e7\u00e3o pelo WhatsApp (83) 9 9634.5791, (83) 9 9601-1162.<\/strong><\/p>\n","protected":false},"excerpt":{"rendered":"<p>Os conselheiros Marivaldo Alc\u00e2ntara (Sum\u00e9), Paolla Leite (S\u00e3o Jos\u00e9 dos Cordeiros) e Andressa Pereira (S\u00e3o Jo\u00e3o do Tigre) que estiveram participaram do planejamento estrat\u00e9gico que&hellip; <\/p>\n","protected":false},"author":2,"featured_media":28770,"comment_status":"closed","ping_status":"closed","sticky":false,"template":"","format":"standard","meta":{"sfsi_plus_gutenberg_text_before_share":"","sfsi_plus_gutenberg_show_text_before_share":"","sfsi_plus_gutenberg_icon_type":"","sfsi_plus_gutenberg_icon_alignemt":"","sfsi_plus_gutenburg_max_per_row":"","footnotes":""},"categories":[11],"tags":[],"class_list":["post-28769","post","type-post","status-publish","format-standard","has-post-thumbnail","hentry","category-politica"],"_links":{"self":[{"href":"https:\/\/www.caririemacao.com\/1\/wp-json\/wp\/v2\/posts\/28769","targetHints":{"allow":["GET"]}}],"collection":[{"href":"https:\/\/www.caririemacao.com\/1\/wp-json\/wp\/v2\/posts"}],"about":[{"href":"https:\/\/www.caririemacao.com\/1\/wp-json\/wp\/v2\/types\/post"}],"author":[{"embeddable":true,"href":"https:\/\/www.caririemacao.com\/1\/wp-json\/wp\/v2\/users\/2"}],"replies":[{"embeddable":true,"href":"https:\/\/www.caririemacao.com\/1\/wp-json\/wp\/v2\/comments?post=28769"}],"version-history":[{"count":0,"href":"https:\/\/www.caririemacao.com\/1\/wp-json\/wp\/v2\/posts\/28769\/revisions"}],"wp:featuredmedia":[{"embeddable":true,"href":"https:\/\/www.caririemacao.com\/1\/wp-json\/wp\/v2\/media\/28770"}],"wp:attachment":[{"href":"https:\/\/www.caririemacao.com\/1\/wp-json\/wp\/v2\/media?parent=28769"}],"wp:term":[{"taxonomy":"category","embeddable":true,"href":"https:\/\/www.caririemacao.com\/1\/wp-json\/wp\/v2\/categories?post=28769"},{"taxonomy":"post_tag","embeddable":true,"href":"https:\/\/www.caririemacao.com\/1\/wp-json\/wp\/v2\/tags?post=28769"}],"curies":[{"name":"wp","href":"https:\/\/api.w.org\/{rel}","templated":true}]}}