{"id":287722,"date":"2024-07-05T20:09:17","date_gmt":"2024-07-05T23:09:17","guid":{"rendered":"https:\/\/www.caririemacao.com\/1\/?p=287722"},"modified":"2024-07-05T20:09:17","modified_gmt":"2024-07-05T23:09:17","slug":"ministerio-publico-investiga-prefeitura-de-cabaceiras-por-falta-de-concurso-para-guarda-municipal","status":"publish","type":"post","link":"https:\/\/www.caririemacao.com\/1\/2024\/07\/05\/ministerio-publico-investiga-prefeitura-de-cabaceiras-por-falta-de-concurso-para-guarda-municipal\/","title":{"rendered":"Minist\u00e9rio P\u00fablico investiga Prefeitura de Cabaceiras por falta de concurso para Guarda Municipal"},"content":{"rendered":"<p>O\u00a0Minist\u00e9rio P\u00fablico da Para\u00edba\u00a0(MPPB) instaurou um procedimento preparat\u00f3rio para investigar uma den\u00fancia de que um munic\u00edpio no estado teria em seu quadro guardas municipais contratados como microempreendedores (MEIs) e nenhum servidor efetivo. O munic\u00edpio investigado pelo MP \u00e9 Cabaceiras, no Cariri.<\/p>\n<p>Segundo o procedimento, dispon\u00edvel no site do \u00f3rg\u00e3o fiscalizador, a Guarda Civil Municipal (GCM) teria sido constitu\u00edda h\u00e1 mais de 10 anos e desde ent\u00e3o n\u00e3o ocorreu um concurso p\u00fablico, como \u00e9 previsto em lei.<\/p>\n<p>Inclusive, no \u00faltimo concurso n\u00e3o houve vagas para o curso, segundo a den\u00fancia. A not\u00edcia de fato do caso \u00e9 do dia 26 de junho deste ano e \u00e9 assinada pelo 15\u00ba promotor de justi\u00e7a de Campina Grande, Alcides Leite de Amorim.<\/p>\n<p>\u201cA prefeitura, depois de mais de 10 anos, lan\u00e7ou edital para realiza\u00e7\u00e3o de concurso p\u00fablico e n\u00e3o destinou vagas para a guarda municipal, que existe de fato. Assim, h\u00e1 uma burla \u00e0 lei, que diz: vaga de guarda municipal deve ser preenchida em car\u00e1ter efetivo com servidores devidamente concursados especificamente para esse cargo, como determina a legisla\u00e7\u00e3o federal que regulamenta as Guardas Municipais\u201d, diz trecho da denuncia encaminhada ao MP que est\u00e1 sendo apurada pelo \u00f3rg\u00e3o.<\/p>\n<p>\u201cA prefeitura de Cabaceiras tem uma guarda municipal que funciona com agentes e viatura, ligado ao departamento de seguran\u00e7a p\u00fablica municipal. Ocorre que, n\u00e3o existe lei criando a guarda municipal, e os agentes s\u00e3o contratados via MEI, como vigilantes, cuja guarda j\u00e1 funciona a pelo menos 03 anos\u201d, diz ainda trecho da den\u00fancia (veja documento completo no fim da mat\u00e9ria).<\/p>\n<p>A reportagem apurou que o \u00faltimo concurso realizado pela Prefeitura de Cabaceiras foi no final do ano passado.<\/p>\n<p><strong>Sobre Cabaceiras<\/strong><\/p>\n<p>Conhecida como a \u2018Roli\u00fade Nordestina\u2019, Cabaceiras \u00e9 uma das cidades mais conhecidas da Para\u00edba, principalmente pelo fato de ter sido cen\u00e1rios de v\u00e1rias obras audiovisuais, entre elas o filme \u2018O Auto da Compadecida\u2019.<\/p>\n<p>De acordo com o\u00a0Instituto Brasileiro de Geografia e Estat\u00edsitca\u00a0(IBGE), o censo de 2022 apontou que Cabaceiras tinha uma popula\u00e7\u00e3o de 5.335 pessoas.<\/p>\n<p>Ainda segundo dado do mesmo instituto, por\u00e9m de 2021, economicamente Cabaceiras \u00e9 a 79\u00aa economia do estado, com um Produto Interno Bruto (PIB) de R$ 116 milh\u00f5es 487 mil.<\/p>\n<figure class=\"wp-block-gallery has-nested-images columns-1 is-cropped wp-block-gallery-1 is-layout-flex wp-block-gallery-is-layout-flex\">\n<figure class=\"wp-block-image size-large\"><img fetchpriority=\"high\" decoding=\"async\" class=\"wp-image-135144 aligncenter\" src=\"https:\/\/deolhonocariri.com.br\/wp-content\/uploads\/2024\/07\/c1.jpeg\" sizes=\"(max-width: 568px) 100vw, 568px\" srcset=\"https:\/\/deolhonocariri.com.br\/wp-content\/uploads\/2024\/07\/c1.jpeg 568w, https:\/\/deolhonocariri.com.br\/wp-content\/uploads\/2024\/07\/c1-426x600.jpeg 426w, https:\/\/deolhonocariri.com.br\/wp-content\/uploads\/2024\/07\/c1-284x400.jpeg 284w\" alt=\"\" width=\"568\" height=\"800\" data-id=\"135144\" \/><\/figure>\n<figure class=\"wp-block-image size-large\"><img decoding=\"async\" class=\"wp-image-135146 aligncenter\" src=\"https:\/\/deolhonocariri.com.br\/wp-content\/uploads\/2024\/07\/c2.png\" sizes=\"(max-width: 559px) 100vw, 559px\" srcset=\"https:\/\/deolhonocariri.com.br\/wp-content\/uploads\/2024\/07\/c2.png 559w, https:\/\/deolhonocariri.com.br\/wp-content\/uploads\/2024\/07\/c2-419x600.png 419w, https:\/\/deolhonocariri.com.br\/wp-content\/uploads\/2024\/07\/c2-280x400.png 280w\" alt=\"\" width=\"559\" height=\"800\" data-id=\"135146\" \/><\/figure>\n<figure class=\"wp-block-image size-large\"><img decoding=\"async\" class=\"wp-image-135145 aligncenter\" src=\"https:\/\/deolhonocariri.com.br\/wp-content\/uploads\/2024\/07\/c3.png\" sizes=\"(max-width: 563px) 100vw, 563px\" srcset=\"https:\/\/deolhonocariri.com.br\/wp-content\/uploads\/2024\/07\/c3.png 563w, https:\/\/deolhonocariri.com.br\/wp-content\/uploads\/2024\/07\/c3-422x600.png 422w, https:\/\/deolhonocariri.com.br\/wp-content\/uploads\/2024\/07\/c3-282x400.png 282w\" alt=\"\" width=\"563\" height=\"800\" data-id=\"135145\" \/><\/figure>\n<\/figure>\n<p><em>Click PB<\/em><\/p>\n","protected":false},"excerpt":{"rendered":"<p>O\u00a0Minist\u00e9rio P\u00fablico da Para\u00edba\u00a0(MPPB) instaurou um procedimento preparat\u00f3rio para investigar uma den\u00fancia de que um munic\u00edpio no estado teria em seu quadro guardas municipais contratados como microempreendedores (MEIs) e nenhum servidor efetivo. O munic\u00edpio investigado pelo MP \u00e9 Cabaceiras, no Cariri. Segundo o procedimento, dispon\u00edvel no site do \u00f3rg\u00e3o fiscalizador, a Guarda Civil Municipal (GCM) teria sido constitu\u00edda h\u00e1 mais de 10 anos e desde ent\u00e3o n\u00e3o ocorreu um concurso p\u00fablico, como \u00e9 previsto em lei. Inclusive, no \u00faltimo concurso n\u00e3o houve vagas para o curso, segundo a den\u00fancia. A not\u00edcia de fato do caso \u00e9 do dia 26 de junho deste ano e \u00e9 assinada pelo 15\u00ba promotor de justi\u00e7a de Campina Grande, Alcides Leite de Amorim. \u201cA prefeitura, depois de mais de 10 anos, lan\u00e7ou edital para realiza\u00e7\u00e3o de concurso p\u00fablico e n\u00e3o destinou vagas para a guarda municipal, que existe de fato. Assim, h\u00e1 uma burla \u00e0 lei, que diz: vaga de guarda municipal deve ser preenchida em car\u00e1ter efetivo com servidores devidamente concursados especificamente para esse cargo, como determina a legisla\u00e7\u00e3o federal que regulamenta as Guardas Municipais\u201d, diz trecho da denuncia encaminhada ao MP que est\u00e1 sendo apurada pelo \u00f3rg\u00e3o. \u201cA prefeitura de Cabaceiras tem uma guarda municipal que funciona com agentes e viatura, ligado ao departamento de seguran\u00e7a p\u00fablica municipal. Ocorre que, n\u00e3o existe lei criando a guarda municipal, e os agentes s\u00e3o contratados via MEI, como vigilantes, cuja guarda j\u00e1 funciona a pelo menos 03 anos\u201d, diz ainda trecho da den\u00fancia (veja documento completo no fim da mat\u00e9ria). A reportagem apurou que o \u00faltimo concurso realizado pela Prefeitura de Cabaceiras foi no final do ano passado. Sobre Cabaceiras Conhecida como a \u2018Roli\u00fade Nordestina\u2019, Cabaceiras \u00e9 uma das cidades mais conhecidas da Para\u00edba, principalmente pelo fato de ter sido cen\u00e1rios de v\u00e1rias obras audiovisuais, entre elas o filme \u2018O Auto da Compadecida\u2019. De acordo com o\u00a0Instituto Brasileiro de Geografia e Estat\u00edsitca\u00a0(IBGE), o censo de 2022 apontou que Cabaceiras tinha uma popula\u00e7\u00e3o de 5.335 pessoas. Ainda segundo dado do mesmo instituto, por\u00e9m de 2021, economicamente Cabaceiras \u00e9 a 79\u00aa economia do estado, com um Produto Interno Bruto (PIB) de R$ 116 milh\u00f5es 487 mil. Click PB<\/p>\n","protected":false},"author":6,"featured_media":287723,"comment_status":"closed","ping_status":"closed","sticky":false,"template":"","format":"standard","meta":{"sfsi_plus_gutenberg_text_before_share":"","sfsi_plus_gutenberg_show_text_before_share":"","sfsi_plus_gutenberg_icon_type":"","sfsi_plus_gutenberg_icon_alignemt":"","sfsi_plus_gutenburg_max_per_row":"","footnotes":""},"categories":[70,50],"tags":[],"class_list":["post-287722","post","type-post","status-publish","format-standard","has-post-thumbnail","hentry","category-cabaceiras","category-destaque"],"_links":{"self":[{"href":"https:\/\/www.caririemacao.com\/1\/wp-json\/wp\/v2\/posts\/287722","targetHints":{"allow":["GET"]}}],"collection":[{"href":"https:\/\/www.caririemacao.com\/1\/wp-json\/wp\/v2\/posts"}],"about":[{"href":"https:\/\/www.caririemacao.com\/1\/wp-json\/wp\/v2\/types\/post"}],"author":[{"embeddable":true,"href":"https:\/\/www.caririemacao.com\/1\/wp-json\/wp\/v2\/users\/6"}],"replies":[{"embeddable":true,"href":"https:\/\/www.caririemacao.com\/1\/wp-json\/wp\/v2\/comments?post=287722"}],"version-history":[{"count":1,"href":"https:\/\/www.caririemacao.com\/1\/wp-json\/wp\/v2\/posts\/287722\/revisions"}],"predecessor-version":[{"id":287724,"href":"https:\/\/www.caririemacao.com\/1\/wp-json\/wp\/v2\/posts\/287722\/revisions\/287724"}],"wp:featuredmedia":[{"embeddable":true,"href":"https:\/\/www.caririemacao.com\/1\/wp-json\/wp\/v2\/media\/287723"}],"wp:attachment":[{"href":"https:\/\/www.caririemacao.com\/1\/wp-json\/wp\/v2\/media?parent=287722"}],"wp:term":[{"taxonomy":"category","embeddable":true,"href":"https:\/\/www.caririemacao.com\/1\/wp-json\/wp\/v2\/categories?post=287722"},{"taxonomy":"post_tag","embeddable":true,"href":"https:\/\/www.caririemacao.com\/1\/wp-json\/wp\/v2\/tags?post=287722"}],"curies":[{"name":"wp","href":"https:\/\/api.w.org\/{rel}","templated":true}]}}