{"id":28775,"date":"2017-09-18T09:05:56","date_gmt":"2017-09-18T12:05:56","guid":{"rendered":"http:\/\/caririemacao.com\/1\/?p=28775"},"modified":"2017-09-18T09:05:56","modified_gmt":"2017-09-18T12:05:56","slug":"ricardo-volta-a-elogiar-maranhao-confirma-conversa-com-pmdb-e-alfineta-cassio","status":"publish","type":"post","link":"https:\/\/www.caririemacao.com\/1\/2017\/09\/18\/ricardo-volta-a-elogiar-maranhao-confirma-conversa-com-pmdb-e-alfineta-cassio\/","title":{"rendered":"Ricardo volta a elogiar Maranh\u00e3o, confirma conversa com PMDB e alfineta C\u00e1ssio"},"content":{"rendered":"<section class=\"l-noticia\">O governador Ricardo Coutinho (PSB) voltou a elogiar o senador Jos\u00e9 Maranh\u00e3o (PMDB) neste final de semana. Segundo ele, Maranh\u00e3o tem uma grande folha de servi\u00e7os prestados \u00e0 Para\u00edba e por isso tem todo direito de ser candidato a governador em 2018.<\/p>\n<p>\u201cQuem sou eu para dizer se pode ir ou n\u00e3o? Da mesma forma que \u00e9 direito nosso de poder pensar a Para\u00edba de forma macro e poder propor esse modelo de gest\u00e3o\u201d.<\/p>\n<p>Ricardo disse, durante entrevista \u00e0 TV Di\u00e1rio do Sert\u00e3o, que o PSB ter\u00e1 candidatura pr\u00f3pria em 2018, por\u00e9m \u201cn\u00e3o vai sufocar o PMDB, nem o PMDB vai sufocar o PSB\u201d. Ele foi adiante ao afirmar que \u201cvai chegar o momento em que vamos conversar\u201d, se retratando ao senador Maranh\u00e3o.<\/p>\n<p>O socialista disse que os dois partidos, diferente de outras legendas, t\u00eam mais converg\u00eancia do que diverg\u00eancia: \u201cTem gente na pol\u00edtica que n\u00e3o fez e n\u00e3o faz\u201d, disse, alfinetando o senador C\u00e1ssio Cunha Lima (PSDB).<br \/>\n<strong>CARIRI EM A\u00c7\u00c3O<\/strong><\/p>\n<p><em>Com WSCOM \/Foto: Google<\/em><\/p>\n<p><strong>Leia mais not\u00edcias em\u00a0<\/strong><a href=\"http:\/\/www.caririemacao.com\/\"><strong>caririemacao.com<\/strong><\/a><strong>, siga nossa p\u00e1gina no\u00a0<\/strong><a href=\"https:\/\/www.facebook.com\/CaririEmAcao\/?ref=aymt_homepage_panel\"><strong>Facebook<\/strong><\/a>,<strong>\u00a0<\/strong><a href=\"https:\/\/www.instagram.com\/cariri_em_acao\/?hl=pt-br\"><strong>Instagram<\/strong><\/a><strong>\u00a0e <\/strong><a href=\"https:\/\/www.youtube.com\/channel\/UCAptA0jQuYQy8vMhLt2m4qg\"><strong>Youtube<\/strong><\/a><strong>\u00a0e veja nossas mat\u00e9rias, v\u00eddeos e fotos. Voc\u00ea tamb\u00e9m pode enviar informa\u00e7\u00f5es \u00e0 Reda\u00e7\u00e3o do Portal Cariri em A\u00e7\u00e3o pelo WhatsApp (83) 9 9634.5791, (83) 9 9601-1162.<\/strong><\/p>\n<\/section>\n","protected":false},"excerpt":{"rendered":"<p>O governador Ricardo Coutinho (PSB) voltou a elogiar o senador Jos\u00e9 Maranh\u00e3o (PMDB) neste final de semana. Segundo ele, Maranh\u00e3o tem uma grande folha de&hellip; <\/p>\n","protected":false},"author":2,"featured_media":24339,"comment_status":"closed","ping_status":"closed","sticky":false,"template":"","format":"standard","meta":{"sfsi_plus_gutenberg_text_before_share":"","sfsi_plus_gutenberg_show_text_before_share":"","sfsi_plus_gutenberg_icon_type":"","sfsi_plus_gutenberg_icon_alignemt":"","sfsi_plus_gutenburg_max_per_row":"","footnotes":""},"categories":[11],"tags":[],"class_list":["post-28775","post","type-post","status-publish","format-standard","has-post-thumbnail","hentry","category-politica"],"_links":{"self":[{"href":"https:\/\/www.caririemacao.com\/1\/wp-json\/wp\/v2\/posts\/28775","targetHints":{"allow":["GET"]}}],"collection":[{"href":"https:\/\/www.caririemacao.com\/1\/wp-json\/wp\/v2\/posts"}],"about":[{"href":"https:\/\/www.caririemacao.com\/1\/wp-json\/wp\/v2\/types\/post"}],"author":[{"embeddable":true,"href":"https:\/\/www.caririemacao.com\/1\/wp-json\/wp\/v2\/users\/2"}],"replies":[{"embeddable":true,"href":"https:\/\/www.caririemacao.com\/1\/wp-json\/wp\/v2\/comments?post=28775"}],"version-history":[{"count":0,"href":"https:\/\/www.caririemacao.com\/1\/wp-json\/wp\/v2\/posts\/28775\/revisions"}],"wp:featuredmedia":[{"embeddable":true,"href":"https:\/\/www.caririemacao.com\/1\/wp-json\/wp\/v2\/media\/24339"}],"wp:attachment":[{"href":"https:\/\/www.caririemacao.com\/1\/wp-json\/wp\/v2\/media?parent=28775"}],"wp:term":[{"taxonomy":"category","embeddable":true,"href":"https:\/\/www.caririemacao.com\/1\/wp-json\/wp\/v2\/categories?post=28775"},{"taxonomy":"post_tag","embeddable":true,"href":"https:\/\/www.caririemacao.com\/1\/wp-json\/wp\/v2\/tags?post=28775"}],"curies":[{"name":"wp","href":"https:\/\/api.w.org\/{rel}","templated":true}]}}