{"id":28777,"date":"2017-09-18T09:09:19","date_gmt":"2017-09-18T12:09:19","guid":{"rendered":"http:\/\/caririemacao.com\/1\/?p=28777"},"modified":"2017-09-18T09:09:19","modified_gmt":"2017-09-18T12:09:19","slug":"general-fala-em-intervencao-militar-e-e-criticado-por-exercito","status":"publish","type":"post","link":"https:\/\/www.caririemacao.com\/1\/2017\/09\/18\/general-fala-em-intervencao-militar-e-e-criticado-por-exercito\/","title":{"rendered":"General fala em interven\u00e7\u00e3o militar e \u00e9 criticado por Ex\u00e9rcito"},"content":{"rendered":"<p>O general do Ex\u00e9rcito da ativa Antonio Hamilton Martins Mour\u00e3o falou por tr\u00eas vezes na possibilidade de interven\u00e7\u00e3o militar diante da crise enfrentada pelo Pa\u00eds, caso a situa\u00e7\u00e3o n\u00e3o seja resolvida pelas pr\u00f3prias institui\u00e7\u00f5es.<\/p>\n<p>A afirma\u00e7\u00e3o foi feita em palestra realizada na noite de sexta-feira, 15, na Loja Ma\u00e7\u00f4nica Grande Oriente, em Bras\u00edlia, ap\u00f3s o ent\u00e3o procurador-geral da Rep\u00fablica, Rodrigo Janot, denunciar pela segunda vez o presidente Michel Temer por participa\u00e7\u00e3o em organiza\u00e7\u00e3o criminosa e obstru\u00e7\u00e3o de justi\u00e7a. Janot deixou o cargo nesta segunda-feira.<\/p>\n<p>A atitude do general causou desconforto em Bras\u00edlia. Oficiais-generais ouvidos pelo jornal \u201cO Estado de S. Paulo\u201d criticaram a afirma\u00e7\u00e3o de Mour\u00e3o, considerada desnecess\u00e1ria neste momento de crise.<\/p>\n<p>\u201cOu as institui\u00e7\u00f5es solucionam o problema pol\u00edtico, pela a\u00e7\u00e3o do Judici\u00e1rio, retirando da vida p\u00fablica esses elementos envolvidos em todos os il\u00edcitos, ou ent\u00e3o n\u00f3s teremos que impor isso\u201d, disse Mour\u00e3o em palestra gravada, justificando que \u201cdesde o come\u00e7o da crise o nosso comandante definiu um trip\u00e9 para a atua\u00e7\u00e3o do Ex\u00e9rcito: legalidade, legitimidade e que o Ex\u00e9rcito n\u00e3o seja um fator de instabilidade\u201d.<\/p>\n<p>O general Mour\u00e3o seguiu afirmando que \u201cos Poderes ter\u00e3o que buscar uma solu\u00e7\u00e3o, se n\u00e3o conseguirem, chegar\u00e1 a hora em que teremos que impor uma solu\u00e7\u00e3o\u2019 e essa imposi\u00e7\u00e3o n\u00e3o ser\u00e1 f\u00e1cil, ela trar\u00e1 problemas\u201d.<\/p>\n<p>Por fim, acrescentou lembrando o juramento que os militares fizeram de \u201ccompromisso com a P\u00e1tria, independente de sermos aplaudidos ou n\u00e3o\u201d.<\/p>\n<p>E encerrou: \u201cO que interessa \u00e9 termos a consci\u00eancia tranquila de que fizemos o melhor e que buscamos, de qualquer maneira, atingir esse objetivo. Ent\u00e3o, se tiver que haver haver\u00e1\u201d.<\/p>\n<p>Procurado neste domingo, Mour\u00e3o explicou, no entanto, que n\u00e3o estava \u201cinsuflando nada\u201d ou \u201cpregando interven\u00e7\u00e3o militar\u201d e que a interpreta\u00e7\u00e3o das suas palavras \u201c\u00e9 livre\u201d. Ele afirmou que falava em seu nome, n\u00e3o no do Ex\u00e9rcito.<\/p>\n<p>Ao jornal, o comandante do Ex\u00e9rcito, general Eduardo Villas B\u00f4as, foi enf\u00e1tico e disse que \u201cn\u00e3o h\u00e1 qualquer possibilidade\u201d de interven\u00e7\u00e3o militar.<\/p>\n<p>\u201cDesde 1985 n\u00e3o somos respons\u00e1veis por turbul\u00eancia na vida nacional e assim vai prosseguir. Al\u00e9m disso, o emprego nosso ser\u00e1 sempre por iniciativa de um dos Poderes\u201d, afirmou Villas B\u00f4as, acrescentando que a For\u00e7a defende \u201ca manuten\u00e7\u00e3o da democracia, a preserva\u00e7\u00e3o da Constitui\u00e7\u00e3o, al\u00e9m da prote\u00e7\u00e3o das institui\u00e7\u00f5es\u201d.<\/p>\n<p>Depois de salientar que \u201cinternamente j\u00e1 foi conversado e o problema est\u00e1 superado\u201d, o comandante do Ex\u00e9rcito insistiu que qualquer emprego de For\u00e7as Armadas ser\u00e1 por iniciativa de um dos Poderes.<\/p>\n<p>No s\u00e1bado, o ministro da Defesa, Raul Jungmann, conversou com o comandante do Ex\u00e9rcito, que telefonou para o general Mour\u00e3o para saber o que havia ocorrido. O general, ent\u00e3o, explicou o contexto das declara\u00e7\u00f5es.<\/p>\n<p>Pol\u00eamicas anteriores<\/p>\n<p>Esta n\u00e3o \u00e9 a primeira pol\u00eamica protagonizada pelo general Mour\u00e3o, atual secret\u00e1rio de economia e finan\u00e7as do Ex\u00e9rcito, cargo para o qual foi transferido, em outubro de 2015, quando perdeu o Comando Militar do Sul, por ter feito duras cr\u00edticas \u00e0 classe pol\u00edtica e ao governo.<\/p>\n<p>Antes, ele j\u00e1 havia desagradado ao Pal\u00e1cio do Planalto, ao ter atacado indiretamente a ent\u00e3o presidente Dilma Rousseff ao ser questionado sobre o impeachment dela e responder que \u201ca mera substitui\u00e7\u00e3o da PR( presidente da Rep\u00fablica) n\u00e3o trar\u00e1 mudan\u00e7a significativa no \u2018status quo&#8217;\u201d e que \u201ca vantagem da mudan\u00e7a seria o descarte da incompet\u00eancia, m\u00e1 gest\u00e3o e corrup\u00e7\u00e3o\u201d.<\/p>\n<p>Neste domingo, ao ser procurado pelo jornal, o general Mour\u00e3o disse que \u201cn\u00e3o est\u00e1 insuflando nada\u201d e que \u201cn\u00e3o defendeu (a tomada de poder pelos militares), apenas respondeu a uma pergunta\u201d.<\/p>\n<p>Para o general, \u201cse ningu\u00e9m se acertar, ter\u00e1 de haver algum tipo de interven\u00e7\u00e3o, para colocar ordem na casa\u201d. Sobre quem faria a interven\u00e7\u00e3o, se ela seria militar, ele responde que \u201cn\u00e3o existe f\u00f3rmula de bolo\u201d para isso.<\/p>\n<p>E emendou: \u201cN\u00e3o (n\u00e3o \u00e9 interven\u00e7\u00e3o militar). Isso n\u00e3o \u00e9 uma revolu\u00e7\u00e3o. N\u00e3o \u00e9 uma tomada de poder. N\u00e3o existe nada disso. \u00c9 simplesmente algu\u00e9m que coloque as coisas em ordem, e diga: aten\u00e7\u00e3o, minha gente vamos nos acertar aqui e deixar as coisas de forma que o Pa\u00eds consiga andar e n\u00e3o como estamos. Foi isso que disse, mas as pessoas interpretam as coisas cada uma de sua forma. Os grupos que pedem interven\u00e7\u00e3o \u00e9 que est\u00e3o fazendo essa onda em torno desse assunto\u201d.<\/p>\n<p>Mour\u00e3o estava fardado ao fazer a palestra. Ele permanece no servi\u00e7o ativo no Ex\u00e9rcito at\u00e9 mar\u00e7o do ano que vem, quando passar\u00e1 para a reserva.<\/p>\n<p>O general Mour\u00e3o disse ao jornal que n\u00e3o vai se candidatar, apesar de existir p\u00e1gina nas redes sociais sugerindo seu nome para presidente da Rep\u00fablica. \u201cN\u00e3o. N\u00e3o sou pol\u00edtico. Sou soldado.\u201d<\/p>\n<p><strong>CARIRI EM A\u00c7\u00c3O<\/strong><\/p>\n<p><em>Com Portal Exame \/Foto: Google<\/em><\/p>\n<p><strong>Leia mais not\u00edcias em\u00a0<\/strong><a href=\"http:\/\/www.caririemacao.com\/\"><strong>caririemacao.com<\/strong><\/a><strong>, siga nossa p\u00e1gina no\u00a0<\/strong><a href=\"https:\/\/www.facebook.com\/CaririEmAcao\/?ref=aymt_homepage_panel\"><strong>Facebook<\/strong><\/a>,<strong>\u00a0<\/strong><a href=\"https:\/\/www.instagram.com\/cariri_em_acao\/?hl=pt-br\"><strong>Instagram<\/strong><\/a><strong>\u00a0e <\/strong><a href=\"https:\/\/www.youtube.com\/channel\/UCAptA0jQuYQy8vMhLt2m4qg\"><strong>Youtube<\/strong><\/a><strong>\u00a0e veja nossas mat\u00e9rias, v\u00eddeos e fotos. Voc\u00ea tamb\u00e9m pode enviar informa\u00e7\u00f5es \u00e0 Reda\u00e7\u00e3o do Portal Cariri em A\u00e7\u00e3o pelo WhatsApp (83) 9 9634.5791, (83) 9 9601-1162.<\/strong><\/p>\n","protected":false},"excerpt":{"rendered":"<p>O general do Ex\u00e9rcito da ativa Antonio Hamilton Martins Mour\u00e3o falou por tr\u00eas vezes na possibilidade de interven\u00e7\u00e3o militar diante da crise enfrentada pelo Pa\u00eds,&hellip; <\/p>\n","protected":false},"author":2,"featured_media":28778,"comment_status":"closed","ping_status":"closed","sticky":false,"template":"","format":"standard","meta":{"sfsi_plus_gutenberg_text_before_share":"","sfsi_plus_gutenberg_show_text_before_share":"","sfsi_plus_gutenberg_icon_type":"","sfsi_plus_gutenberg_icon_alignemt":"","sfsi_plus_gutenburg_max_per_row":"","footnotes":""},"categories":[11],"tags":[],"class_list":["post-28777","post","type-post","status-publish","format-standard","has-post-thumbnail","hentry","category-politica"],"_links":{"self":[{"href":"https:\/\/www.caririemacao.com\/1\/wp-json\/wp\/v2\/posts\/28777","targetHints":{"allow":["GET"]}}],"collection":[{"href":"https:\/\/www.caririemacao.com\/1\/wp-json\/wp\/v2\/posts"}],"about":[{"href":"https:\/\/www.caririemacao.com\/1\/wp-json\/wp\/v2\/types\/post"}],"author":[{"embeddable":true,"href":"https:\/\/www.caririemacao.com\/1\/wp-json\/wp\/v2\/users\/2"}],"replies":[{"embeddable":true,"href":"https:\/\/www.caririemacao.com\/1\/wp-json\/wp\/v2\/comments?post=28777"}],"version-history":[{"count":0,"href":"https:\/\/www.caririemacao.com\/1\/wp-json\/wp\/v2\/posts\/28777\/revisions"}],"wp:featuredmedia":[{"embeddable":true,"href":"https:\/\/www.caririemacao.com\/1\/wp-json\/wp\/v2\/media\/28778"}],"wp:attachment":[{"href":"https:\/\/www.caririemacao.com\/1\/wp-json\/wp\/v2\/media?parent=28777"}],"wp:term":[{"taxonomy":"category","embeddable":true,"href":"https:\/\/www.caririemacao.com\/1\/wp-json\/wp\/v2\/categories?post=28777"},{"taxonomy":"post_tag","embeddable":true,"href":"https:\/\/www.caririemacao.com\/1\/wp-json\/wp\/v2\/tags?post=28777"}],"curies":[{"name":"wp","href":"https:\/\/api.w.org\/{rel}","templated":true}]}}