{"id":287775,"date":"2024-07-08T07:12:44","date_gmt":"2024-07-08T10:12:44","guid":{"rendered":"https:\/\/www.caririemacao.com\/1\/?p=287775"},"modified":"2024-07-08T07:12:44","modified_gmt":"2024-07-08T10:12:44","slug":"eleicoes-2024-mesarios-serao-convocados-pelo-tre-pb-por-whatsapp","status":"publish","type":"post","link":"https:\/\/www.caririemacao.com\/1\/2024\/07\/08\/eleicoes-2024-mesarios-serao-convocados-pelo-tre-pb-por-whatsapp\/","title":{"rendered":"Elei\u00e7\u00f5es 2024: Mes\u00e1rios ser\u00e3o convocados pelo TRE-PB por WhatsApp"},"content":{"rendered":"<p>Os mes\u00e1rios que ir\u00e3o trabalhar nas elei\u00e7\u00f5es municipais de 2024 ser\u00e3o convocados pelo Tribunal Regional Eleitoral da Para\u00edba (TRE-PB) pelo WhatsApp.<\/p>\n<p>A mensagem ser\u00e1 enviada, exclusivamente, pelo n\u00famero (83) 3512-1500, n\u00famero oficial do TRE-PB.<\/p>\n<p>Ao receber a mensagem, o eleitor dever\u00e1 confirmar ou n\u00e3o se \u00e9 realmente a pessoa contactada pela Justi\u00e7a Eleitoral. Em seguida, o passo a passo levar\u00e1 o cidad\u00e3o a visualizar a convoca\u00e7\u00e3o do Tribunal.<\/p>\n<p>Esse mesmo procedimento ser\u00e1 utilizado para a convoca\u00e7\u00e3o de auxiliares de ju\u00edzo eleitora, escrutinadores e outras fun\u00e7\u00f5es de apoio log\u00edstico no \u00e2mbito do TRE-PB.<\/p>\n<p>De acordo com o TRE-PB, a Justi\u00e7a Eleitoral n\u00e3o solicita dados pessoais, banc\u00e1rios, fiscais ou outros de car\u00e1ter reservado ou sigiloso para fins de convoca\u00e7\u00e3o.<\/p>\n<p>FONTE: Portal Correio<\/p>\n","protected":false},"excerpt":{"rendered":"<p>Os mes\u00e1rios que ir\u00e3o trabalhar nas elei\u00e7\u00f5es municipais de 2024 ser\u00e3o convocados pelo Tribunal Regional Eleitoral da Para\u00edba (TRE-PB) pelo WhatsApp. A mensagem ser\u00e1 enviada,&hellip; <\/p>\n","protected":false},"author":6,"featured_media":287776,"comment_status":"closed","ping_status":"closed","sticky":false,"template":"","format":"standard","meta":{"sfsi_plus_gutenberg_text_before_share":"","sfsi_plus_gutenberg_show_text_before_share":"","sfsi_plus_gutenberg_icon_type":"","sfsi_plus_gutenberg_icon_alignemt":"","sfsi_plus_gutenburg_max_per_row":"","footnotes":""},"categories":[50,11],"tags":[],"class_list":["post-287775","post","type-post","status-publish","format-standard","has-post-thumbnail","hentry","category-destaque","category-politica"],"_links":{"self":[{"href":"https:\/\/www.caririemacao.com\/1\/wp-json\/wp\/v2\/posts\/287775","targetHints":{"allow":["GET"]}}],"collection":[{"href":"https:\/\/www.caririemacao.com\/1\/wp-json\/wp\/v2\/posts"}],"about":[{"href":"https:\/\/www.caririemacao.com\/1\/wp-json\/wp\/v2\/types\/post"}],"author":[{"embeddable":true,"href":"https:\/\/www.caririemacao.com\/1\/wp-json\/wp\/v2\/users\/6"}],"replies":[{"embeddable":true,"href":"https:\/\/www.caririemacao.com\/1\/wp-json\/wp\/v2\/comments?post=287775"}],"version-history":[{"count":1,"href":"https:\/\/www.caririemacao.com\/1\/wp-json\/wp\/v2\/posts\/287775\/revisions"}],"predecessor-version":[{"id":287777,"href":"https:\/\/www.caririemacao.com\/1\/wp-json\/wp\/v2\/posts\/287775\/revisions\/287777"}],"wp:featuredmedia":[{"embeddable":true,"href":"https:\/\/www.caririemacao.com\/1\/wp-json\/wp\/v2\/media\/287776"}],"wp:attachment":[{"href":"https:\/\/www.caririemacao.com\/1\/wp-json\/wp\/v2\/media?parent=287775"}],"wp:term":[{"taxonomy":"category","embeddable":true,"href":"https:\/\/www.caririemacao.com\/1\/wp-json\/wp\/v2\/categories?post=287775"},{"taxonomy":"post_tag","embeddable":true,"href":"https:\/\/www.caririemacao.com\/1\/wp-json\/wp\/v2\/tags?post=287775"}],"curies":[{"name":"wp","href":"https:\/\/api.w.org\/{rel}","templated":true}]}}