{"id":288697,"date":"2024-07-29T19:13:44","date_gmt":"2024-07-29T22:13:44","guid":{"rendered":"https:\/\/www.caririemacao.com\/1\/?p=288697"},"modified":"2024-07-29T19:14:46","modified_gmt":"2024-07-29T22:14:46","slug":"prefeitura-do-cariri-anuncia-concurso-publico-com-61-vagas-e-salarios-de-ate-r-5-970","status":"publish","type":"post","link":"https:\/\/www.caririemacao.com\/1\/2024\/07\/29\/prefeitura-do-cariri-anuncia-concurso-publico-com-61-vagas-e-salarios-de-ate-r-5-970\/","title":{"rendered":"Prefeitura do Cariri anuncia concurso p\u00fablico com 61 vagas e sal\u00e1rios de at\u00e9 R$ 5.970"},"content":{"rendered":"<p>Foi publicado nesta sexta-feira, dia 26 de julho, o Edital do 4\u00ba Concurso P\u00fablico de Provas e de Provas e T\u00edtulos da Prefeitura Municipal de Barra de Santana. Desta vez realizado conjuntamente com a Comiss\u00e3o Permanente de Concursos da Universidade Estadual da Para\u00edba \u2013 CPCon\/UEPB, o certame oferece 61 vagas para os n\u00edveis fundamental incompleto, m\u00e9dio\/t\u00e9cnico e superior. Os vencimentos b\u00e1sicos variam de R$ 1.412,00 a R$ 5.970,00.<\/p>\n<p>As inscri\u00e7\u00f5es ocorrer\u00e3o de 02 de agosto a 08 de setembro de 2024, de forma exclusivamente eletr\u00f4nica, no site da CPCon\/UEPB, e a data prevista para a realiza\u00e7\u00e3o das provas \u00e9 o dia 20 de outubro de 2024.<\/p>\n<p>A Prefeita Cacilda Andrade falou da import\u00e2ncia da realiza\u00e7\u00e3o do concurso para a cidade: \u201cBarra de Santana precisa de novos servidores efetivos em fun\u00e7\u00f5es estrat\u00e9gicas para que as a\u00e7\u00f5es administrativas tenham continuidade, aliada \u00e0 qualifica\u00e7\u00e3o dos profissionais que o Concurso que faremos buscar\u00e1 trazer a gest\u00e3o do munic\u00edpio. Al\u00e9m de ser uma oportunidade \u00edmpar para mun\u00edcipes e profissionais de toda a regi\u00e3o\u201d.<\/p>\n<p>A \u00edntegra do Edital Normativo e todas as demais informa\u00e7\u00f5es sobre o concurso p\u00fablico podem ser acessados pelo site:\u00a0<a href=\"https:\/\/cpcon.uepb.edu.br\/prefeitura-de-barra-de-santana\/\">CPCon\/UEPB<\/a>.<\/p>\n","protected":false},"excerpt":{"rendered":"<p>Foi publicado nesta sexta-feira, dia 26 de julho, o Edital do 4\u00ba Concurso P\u00fablico de Provas e de Provas e T\u00edtulos da Prefeitura Municipal de&hellip; <\/p>\n","protected":false},"author":6,"featured_media":272269,"comment_status":"closed","ping_status":"closed","sticky":false,"template":"","format":"standard","meta":{"sfsi_plus_gutenberg_text_before_share":"","sfsi_plus_gutenberg_show_text_before_share":"","sfsi_plus_gutenberg_icon_type":"","sfsi_plus_gutenberg_icon_alignemt":"","sfsi_plus_gutenburg_max_per_row":"","footnotes":""},"categories":[106,50,1],"tags":[],"class_list":["post-288697","post","type-post","status-publish","format-standard","has-post-thumbnail","hentry","category-cariri","category-destaque","category-o-site"],"_links":{"self":[{"href":"https:\/\/www.caririemacao.com\/1\/wp-json\/wp\/v2\/posts\/288697","targetHints":{"allow":["GET"]}}],"collection":[{"href":"https:\/\/www.caririemacao.com\/1\/wp-json\/wp\/v2\/posts"}],"about":[{"href":"https:\/\/www.caririemacao.com\/1\/wp-json\/wp\/v2\/types\/post"}],"author":[{"embeddable":true,"href":"https:\/\/www.caririemacao.com\/1\/wp-json\/wp\/v2\/users\/6"}],"replies":[{"embeddable":true,"href":"https:\/\/www.caririemacao.com\/1\/wp-json\/wp\/v2\/comments?post=288697"}],"version-history":[{"count":2,"href":"https:\/\/www.caririemacao.com\/1\/wp-json\/wp\/v2\/posts\/288697\/revisions"}],"predecessor-version":[{"id":288699,"href":"https:\/\/www.caririemacao.com\/1\/wp-json\/wp\/v2\/posts\/288697\/revisions\/288699"}],"wp:featuredmedia":[{"embeddable":true,"href":"https:\/\/www.caririemacao.com\/1\/wp-json\/wp\/v2\/media\/272269"}],"wp:attachment":[{"href":"https:\/\/www.caririemacao.com\/1\/wp-json\/wp\/v2\/media?parent=288697"}],"wp:term":[{"taxonomy":"category","embeddable":true,"href":"https:\/\/www.caririemacao.com\/1\/wp-json\/wp\/v2\/categories?post=288697"},{"taxonomy":"post_tag","embeddable":true,"href":"https:\/\/www.caririemacao.com\/1\/wp-json\/wp\/v2\/tags?post=288697"}],"curies":[{"name":"wp","href":"https:\/\/api.w.org\/{rel}","templated":true}]}}