{"id":289047,"date":"2024-08-07T16:15:46","date_gmt":"2024-08-07T19:15:46","guid":{"rendered":"https:\/\/www.caririemacao.com\/1\/?p=289047"},"modified":"2024-08-07T16:15:46","modified_gmt":"2024-08-07T19:15:46","slug":"adriano-crava-que-sera-candidato-ao-governo-do-estado-em-2026-e-revela-que-ja-tem-apoio-de-quase-20-deputados","status":"publish","type":"post","link":"https:\/\/www.caririemacao.com\/1\/2024\/08\/07\/adriano-crava-que-sera-candidato-ao-governo-do-estado-em-2026-e-revela-que-ja-tem-apoio-de-quase-20-deputados\/","title":{"rendered":"Adriano crava que ser\u00e1 candidato ao governo do estado em 2026 e revela que j\u00e1 tem apoio de quase 20 deputados"},"content":{"rendered":"<p>Meu nome est\u00e1 colocado na mesa e mais da metade dos deputados da Casa j\u00e1 me procuraram e declararam apoio. A afirma\u00e7\u00e3o \u00e9 do presidente da Assembleia Legislativa da Para\u00edba (ALPB), Adriano Galdino (Republicanos), ao comentar durante entrevista<strong>\u00a0<\/strong>na noite desta ter\u00e7a-feira (6) sobre composi\u00e7\u00f5es e cen\u00e1rios de olho nas elei\u00e7\u00f5es majorit\u00e1rias de 2026.<\/p>\n<p>Adriano confirmou oficialmente que \u00e9 pr\u00e9-candidato ao Governo do Estado e revelou articula\u00e7\u00f5es, dentro e fora da Assembleia Legislativa, para conseguir o objetivo de triunfar em 2026. Durante a entrevista, Galdino revelou que j\u00e1 foi procurado por quase 20 deputados da Casa de Epit\u00e1cio Pessoa, tanto da situa\u00e7\u00e3o, como da oposi\u00e7\u00e3o, declarando apoio a postula\u00e7\u00e3o.<\/p>\n<p>Durante a entrevista, o deputado afirmou que ainda n\u00e3o comunicou oficialmente a decis\u00e3o ao deputado federal e presidente do Republicanos, Hugo Motta, e o governador Jo\u00e3o Azev\u00eado (PSB), principais expoentes do seu grupo pol\u00edtico, por\u00e9m, ele ponderou que o seu desejo \u00e9 p\u00fablico ao cobrar reciprocidade dos aliados e ressaltar que ele \u00e9 um dos maiores defensores do chefe do Executivo estadual dentro da Casa.<\/p>\n<p>Sobre as tratativas para lan\u00e7ar oficialmente a candidatura, Adriano ponderou que tudo ser\u00e1 feito ap\u00f3s as elei\u00e7\u00f5es municipais.<\/p>\n","protected":false},"excerpt":{"rendered":"<p>Meu nome est\u00e1 colocado na mesa e mais da metade dos deputados da Casa j\u00e1 me procuraram e declararam apoio. A afirma\u00e7\u00e3o \u00e9 do presidente&hellip; <\/p>\n","protected":false},"author":6,"featured_media":289048,"comment_status":"closed","ping_status":"closed","sticky":false,"template":"","format":"standard","meta":{"sfsi_plus_gutenberg_text_before_share":"","sfsi_plus_gutenberg_show_text_before_share":"","sfsi_plus_gutenberg_icon_type":"","sfsi_plus_gutenberg_icon_alignemt":"","sfsi_plus_gutenburg_max_per_row":"","footnotes":""},"categories":[50,104],"tags":[],"class_list":["post-289047","post","type-post","status-publish","format-standard","has-post-thumbnail","hentry","category-destaque","category-paraiba"],"_links":{"self":[{"href":"https:\/\/www.caririemacao.com\/1\/wp-json\/wp\/v2\/posts\/289047","targetHints":{"allow":["GET"]}}],"collection":[{"href":"https:\/\/www.caririemacao.com\/1\/wp-json\/wp\/v2\/posts"}],"about":[{"href":"https:\/\/www.caririemacao.com\/1\/wp-json\/wp\/v2\/types\/post"}],"author":[{"embeddable":true,"href":"https:\/\/www.caririemacao.com\/1\/wp-json\/wp\/v2\/users\/6"}],"replies":[{"embeddable":true,"href":"https:\/\/www.caririemacao.com\/1\/wp-json\/wp\/v2\/comments?post=289047"}],"version-history":[{"count":1,"href":"https:\/\/www.caririemacao.com\/1\/wp-json\/wp\/v2\/posts\/289047\/revisions"}],"predecessor-version":[{"id":289049,"href":"https:\/\/www.caririemacao.com\/1\/wp-json\/wp\/v2\/posts\/289047\/revisions\/289049"}],"wp:featuredmedia":[{"embeddable":true,"href":"https:\/\/www.caririemacao.com\/1\/wp-json\/wp\/v2\/media\/289048"}],"wp:attachment":[{"href":"https:\/\/www.caririemacao.com\/1\/wp-json\/wp\/v2\/media?parent=289047"}],"wp:term":[{"taxonomy":"category","embeddable":true,"href":"https:\/\/www.caririemacao.com\/1\/wp-json\/wp\/v2\/categories?post=289047"},{"taxonomy":"post_tag","embeddable":true,"href":"https:\/\/www.caririemacao.com\/1\/wp-json\/wp\/v2\/tags?post=289047"}],"curies":[{"name":"wp","href":"https:\/\/api.w.org\/{rel}","templated":true}]}}