{"id":289050,"date":"2024-08-07T16:16:55","date_gmt":"2024-08-07T19:16:55","guid":{"rendered":"https:\/\/www.caririemacao.com\/1\/?p=289050"},"modified":"2024-08-07T16:16:55","modified_gmt":"2024-08-07T19:16:55","slug":"na-paraiba-sobrinha-denuncia-pediatra-e-revela-detalhes-de-como-foi-abusada-ha-30-anos","status":"publish","type":"post","link":"https:\/\/www.caririemacao.com\/1\/2024\/08\/07\/na-paraiba-sobrinha-denuncia-pediatra-e-revela-detalhes-de-como-foi-abusada-ha-30-anos\/","title":{"rendered":"Na Para\u00edba: sobrinha denuncia pediatra e revela detalhes de como foi abusada h\u00e1 30 anos"},"content":{"rendered":"<p>Gabriela Cunha Lima, hoje com 41 anos, relatou ter sido abusada pelo tio, o pediatra Fernando Cunha Lima, quando tinha apenas 9 anos de idade, em 1991. O m\u00e9dico \u00e9 investigado pela Pol\u00edcia Civil da Para\u00edba ap\u00f3s a m\u00e3e de uma crian\u00e7a denunciar o profissional. Ela acusa Fernando de ter abusado a filha de nove anos durante uma consulta m\u00e9dica em Jo\u00e3o Pessoa.<\/p>\n<p>Em entrevista \u00e0 TV Correio na tarde desta quarta-feira (07), Gabriela Cunha Lima descreveu como aconteceu o crime.<\/p>\n<p>\u201cA gente frequentava a casa dele, veraneava. Em um desses dias, ele me acordou. Eu dormia no quarto da filha dele. Eu lembro que ele tinha voltado para almo\u00e7ar. Ele ficou brincando comigo, dizendo que eu tinha acordado de madrugada com saudades do meus pais. Eu fiquei sem entender, porque n\u00e3o lembrava de ter acordado de madrugada. Quando foi mais tarde, todo mundo desceu e ele me chamou no quarto\u201d, relatou.<\/p>\n<blockquote class=\"wp-block-quote\"><p>\u201cEle [Fernando Cunha Lima] abaixou a cal\u00e7a e pediu para eu colocar as m\u00e3os nos \u00f3rg\u00e3os dele, ficar fazendo movimento. Ele pediu para eu baixar a minha cal\u00e7a e colocou nas minhas partes e pediu segredo\u201d<\/p><\/blockquote>\n<p>Segundo Gabriela, a fam\u00edlia foi comunicada do crime. \u00c0 \u00e9poca, o pai da v\u00edtima chegou a procurar Fernando para \u201cacertar as contas\u201d, mas n\u00e3o encontrou o pediatra, pois ele estava viajando.<\/p>\n<p>\u201cEle [pai de Fernanda] simplesmente saiu. A gente ficou sem saber. Mainha ligou para os outros irm\u00e3os e depois painho retorna. Ele tinha procurado o ped\u00f3filo para mat\u00e1-lo, mas ele [Fernando] estava viajando. Ele n\u00e3o morreu porque estava viajando\u201d, descreveu.<\/p>\n<p>Gabriela se diz arrependida de n\u00e3o ter feito a den\u00fancia antes. Ela relatou que quando buscou as autoridades, j\u00e1 era tarde.<\/p>\n<p>\u201cEu me sinto, por mais que todo mundo diga que n\u00e3o, eu me sinto culpada por n\u00e3o ter feito a den\u00fancia antes. N\u00e3o poderia ter feito a den\u00fancia em 1993, porque eu era uma crian\u00e7a. Essa den\u00fancia tem um tempo para ser feita. A partir dos 18 anos eu poderia ter feito essa den\u00fancia. Quando eu fui denunciar j\u00e1 era tarde, eu j\u00e1 estava com 41 anos\u201d, disse.<\/p>\n<p>&nbsp;<\/p>\n<p>&nbsp;<\/p>\n<p><em>Com MaisPB<\/em><\/p>\n","protected":false},"excerpt":{"rendered":"<p>Gabriela Cunha Lima, hoje com 41 anos, relatou ter sido abusada pelo tio, o pediatra Fernando Cunha Lima, quando tinha apenas 9 anos de idade,&hellip; <\/p>\n","protected":false},"author":6,"featured_media":289051,"comment_status":"closed","ping_status":"closed","sticky":false,"template":"","format":"standard","meta":{"sfsi_plus_gutenberg_text_before_share":"","sfsi_plus_gutenberg_show_text_before_share":"","sfsi_plus_gutenberg_icon_type":"","sfsi_plus_gutenberg_icon_alignemt":"","sfsi_plus_gutenburg_max_per_row":"","footnotes":""},"categories":[50,104],"tags":[],"class_list":["post-289050","post","type-post","status-publish","format-standard","has-post-thumbnail","hentry","category-destaque","category-paraiba"],"_links":{"self":[{"href":"https:\/\/www.caririemacao.com\/1\/wp-json\/wp\/v2\/posts\/289050","targetHints":{"allow":["GET"]}}],"collection":[{"href":"https:\/\/www.caririemacao.com\/1\/wp-json\/wp\/v2\/posts"}],"about":[{"href":"https:\/\/www.caririemacao.com\/1\/wp-json\/wp\/v2\/types\/post"}],"author":[{"embeddable":true,"href":"https:\/\/www.caririemacao.com\/1\/wp-json\/wp\/v2\/users\/6"}],"replies":[{"embeddable":true,"href":"https:\/\/www.caririemacao.com\/1\/wp-json\/wp\/v2\/comments?post=289050"}],"version-history":[{"count":1,"href":"https:\/\/www.caririemacao.com\/1\/wp-json\/wp\/v2\/posts\/289050\/revisions"}],"predecessor-version":[{"id":289052,"href":"https:\/\/www.caririemacao.com\/1\/wp-json\/wp\/v2\/posts\/289050\/revisions\/289052"}],"wp:featuredmedia":[{"embeddable":true,"href":"https:\/\/www.caririemacao.com\/1\/wp-json\/wp\/v2\/media\/289051"}],"wp:attachment":[{"href":"https:\/\/www.caririemacao.com\/1\/wp-json\/wp\/v2\/media?parent=289050"}],"wp:term":[{"taxonomy":"category","embeddable":true,"href":"https:\/\/www.caririemacao.com\/1\/wp-json\/wp\/v2\/categories?post=289050"},{"taxonomy":"post_tag","embeddable":true,"href":"https:\/\/www.caririemacao.com\/1\/wp-json\/wp\/v2\/tags?post=289050"}],"curies":[{"name":"wp","href":"https:\/\/api.w.org\/{rel}","templated":true}]}}