{"id":289117,"date":"2024-08-09T12:30:04","date_gmt":"2024-08-09T15:30:04","guid":{"rendered":"https:\/\/www.caririemacao.com\/1\/?p=289117"},"modified":"2024-08-09T12:30:04","modified_gmt":"2024-08-09T15:30:04","slug":"prefeito-de-barra-de-sao-miguel-anuncia-construcao-de-unidade-de-saude-no-sitio-pata","status":"publish","type":"post","link":"https:\/\/www.caririemacao.com\/1\/2024\/08\/09\/prefeito-de-barra-de-sao-miguel-anuncia-construcao-de-unidade-de-saude-no-sitio-pata\/","title":{"rendered":"Prefeito de Barra de S\u00e3o Miguel anuncia constru\u00e7\u00e3o de unidade de sa\u00fade no s\u00edtio Pata"},"content":{"rendered":"<p>O prefeito de Barra de S\u00e3o Miguel, Jo\u00e3o Batista, anunciou a constru\u00e7\u00e3o de uma nova unidade de sa\u00fade no s\u00edtio Pata, localizado na zona rural do munic\u00edpio. A visita ao local foi acompanhada por Ronaldo Diniz e pelo diretor das unidades de sa\u00fade de Barra de S\u00e3o Miguel, Gleybson Martins.<\/p>\n<p>Durante a visita, o prefeito Jo\u00e3o Batista destacou a import\u00e2ncia da nova unidade para a comunidade do s\u00edtio Pata. \u201cA comunidade de Pata j\u00e1 estava necessitando de algo t\u00e3o importante quanto esta unidade de sa\u00fade. Este projeto ficar\u00e1 marcado na hist\u00f3ria desta gest\u00e3o e tamb\u00e9m na hist\u00f3ria de Pata como uma das prioridades da Sa\u00fade, principalmente para este local\u201d, afirmou o prefeito.<\/p>\n<p>Gleybson Martins, diretor das unidades de sa\u00fade, detalhou as caracter\u00edsticas da nova unidade.<\/p>\n<p>\u201cAqui n\u00f3s teremos um servi\u00e7o de sa\u00fade completo, com sala de fisioterapia, farm\u00e1cia, \u00e1rea de triagem, sala de observa\u00e7\u00e3o, sala de vacinas, consult\u00f3rios m\u00e9dicos e de enfermagem, consult\u00f3rio odontol\u00f3gico, uma grande sala de reuni\u00f5es que servir\u00e1 como audit\u00f3rio, copa para apoio dos funcion\u00e1rios e banheiros. Tudo foi pensado para servir bem \u00e0 comunidade de Pata\u201d, explicou.<\/p>\n<p>&nbsp;<\/p>\n<p><strong>CARIRI EM A\u00c7\u00c3O<\/strong><\/p>\n<p><em>Com Blog do Alisson Nascimento<\/em><\/p>\n","protected":false},"excerpt":{"rendered":"<p>O prefeito de Barra de S\u00e3o Miguel, Jo\u00e3o Batista, anunciou a constru\u00e7\u00e3o de uma nova unidade de sa\u00fade no s\u00edtio Pata, localizado na zona rural do munic\u00edpio. A visita ao local foi acompanhada por Ronaldo Diniz e pelo diretor das unidades de sa\u00fade de Barra de S\u00e3o Miguel, Gleybson Martins. Durante a visita, o prefeito Jo\u00e3o Batista destacou a import\u00e2ncia da nova unidade para a comunidade do s\u00edtio Pata. \u201cA comunidade de Pata j\u00e1 estava necessitando de algo t\u00e3o importante quanto esta unidade de sa\u00fade. Este projeto ficar\u00e1 marcado na hist\u00f3ria desta gest\u00e3o e tamb\u00e9m na hist\u00f3ria de Pata como uma das prioridades da Sa\u00fade, principalmente para este local\u201d, afirmou o prefeito. Gleybson Martins, diretor das unidades de sa\u00fade, detalhou as caracter\u00edsticas da nova unidade. \u201cAqui n\u00f3s teremos um servi\u00e7o de sa\u00fade completo, com sala de fisioterapia, farm\u00e1cia, \u00e1rea de triagem, sala de observa\u00e7\u00e3o, sala de vacinas, consult\u00f3rios m\u00e9dicos e de enfermagem, consult\u00f3rio odontol\u00f3gico, uma grande sala de reuni\u00f5es que servir\u00e1 como audit\u00f3rio, copa para apoio dos funcion\u00e1rios e banheiros. Tudo foi pensado para servir bem \u00e0 comunidade de Pata\u201d, explicou. &nbsp; CARIRI EM A\u00c7\u00c3O Com Blog do Alisson Nascimento<\/p>\n","protected":false},"author":6,"featured_media":289118,"comment_status":"closed","ping_status":"closed","sticky":false,"template":"","format":"standard","meta":{"sfsi_plus_gutenberg_text_before_share":"","sfsi_plus_gutenberg_show_text_before_share":"","sfsi_plus_gutenberg_icon_type":"","sfsi_plus_gutenberg_icon_alignemt":"","sfsi_plus_gutenburg_max_per_row":"","footnotes":""},"categories":[144,50],"tags":[],"class_list":["post-289117","post","type-post","status-publish","format-standard","has-post-thumbnail","hentry","category-barra-de-sao-miguel","category-destaque"],"_links":{"self":[{"href":"https:\/\/www.caririemacao.com\/1\/wp-json\/wp\/v2\/posts\/289117","targetHints":{"allow":["GET"]}}],"collection":[{"href":"https:\/\/www.caririemacao.com\/1\/wp-json\/wp\/v2\/posts"}],"about":[{"href":"https:\/\/www.caririemacao.com\/1\/wp-json\/wp\/v2\/types\/post"}],"author":[{"embeddable":true,"href":"https:\/\/www.caririemacao.com\/1\/wp-json\/wp\/v2\/users\/6"}],"replies":[{"embeddable":true,"href":"https:\/\/www.caririemacao.com\/1\/wp-json\/wp\/v2\/comments?post=289117"}],"version-history":[{"count":1,"href":"https:\/\/www.caririemacao.com\/1\/wp-json\/wp\/v2\/posts\/289117\/revisions"}],"predecessor-version":[{"id":289119,"href":"https:\/\/www.caririemacao.com\/1\/wp-json\/wp\/v2\/posts\/289117\/revisions\/289119"}],"wp:featuredmedia":[{"embeddable":true,"href":"https:\/\/www.caririemacao.com\/1\/wp-json\/wp\/v2\/media\/289118"}],"wp:attachment":[{"href":"https:\/\/www.caririemacao.com\/1\/wp-json\/wp\/v2\/media?parent=289117"}],"wp:term":[{"taxonomy":"category","embeddable":true,"href":"https:\/\/www.caririemacao.com\/1\/wp-json\/wp\/v2\/categories?post=289117"},{"taxonomy":"post_tag","embeddable":true,"href":"https:\/\/www.caririemacao.com\/1\/wp-json\/wp\/v2\/tags?post=289117"}],"curies":[{"name":"wp","href":"https:\/\/api.w.org\/{rel}","templated":true}]}}