{"id":289189,"date":"2024-08-12T11:05:48","date_gmt":"2024-08-12T14:05:48","guid":{"rendered":"https:\/\/www.caririemacao.com\/1\/?p=289189"},"modified":"2024-08-12T11:05:48","modified_gmt":"2024-08-12T14:05:48","slug":"no-cariri-afastado-em-operacao-do-gaeco-prefeito-lanca-irmao-como-candidato","status":"publish","type":"post","link":"https:\/\/www.caririemacao.com\/1\/2024\/08\/12\/no-cariri-afastado-em-operacao-do-gaeco-prefeito-lanca-irmao-como-candidato\/","title":{"rendered":"No Cariri: afastado em opera\u00e7\u00e3o do Gaeco, prefeito lan\u00e7a irm\u00e3o como candidato"},"content":{"rendered":"<p>Desde agosto de 2020, quando foi alvo da\u00a0Opera\u00e7\u00e3o Rent a Car, do Gaeco,\u00a0o prefeito da cidade de Camala\u00fa, no Cariri do Estado, Alecsandro Bezerra, do PSDB, est\u00e1 afastado do cargo.\u00a0Ele j\u00e1 foi denunciado quatro vezes pelo MP nesse per\u00edodo por mais de uma irregularidade.<img decoding=\"async\" data-src=\"https:\/\/ced-ns.sascdn.com\/diff\/templates\/images\/info.svg\" data-exclude-click=\"\" src=\"data:image\/svg+xml;base64,PHN2ZyB3aWR0aD0iMSIgaGVpZ2h0PSIxIiB4bWxucz0iaHR0cDovL3d3dy53My5vcmcvMjAwMC9zdmciPjwvc3ZnPg==\" class=\"lazyload\" \/><\/p>\n<p>Na \u00e9poca o gestor conseguiu ser reeleito, em novembro de 2020, mesmo ap\u00f3s o afastamento.<\/p>\n<p>Longe da cadeira de prefeito, ele viu o vice, Ubirajara Mariano, assumir o cargo. E os dois acabaram rompendo politicamente.<\/p>\n<p>Agora Alecsandro lan\u00e7ou o irm\u00e3o, Auricelmo Bezerra Filho, como candidato a prefeito. Ele n\u00e3o poderia ir para uma nova disputa, j\u00e1 que est\u00e1 no segundo mandato &#8211; mesmo afastado.<\/p>\n<p>H\u00e1 quem defenda, inclusive, que n\u00e3o poderia indicar o irm\u00e3o como candidato &#8211; por conta do parentesco. Mas a candidatura de Auricelmo est\u00e1 mantida. O nome dele foi homologado em conven\u00e7\u00e3o dias atr\u00e1s.<\/p>\n<p>Alecsandro, que viu o mandato passar sem pegar na caneta, sonha em ver o irm\u00e3o prefeito para voltar a ter o comando da gest\u00e3o municipal. O registro da candidatura, no fim das contas, ter\u00e1 que passar pela an\u00e1lise da Justi\u00e7a Eleitoral.<\/p>\n<p>&nbsp;<\/p>\n<p>Jornal da Para\u00edba<\/p>\n","protected":false},"excerpt":{"rendered":"<p>Desde agosto de 2020, quando foi alvo da\u00a0Opera\u00e7\u00e3o Rent a Car, do Gaeco,\u00a0o prefeito da cidade de Camala\u00fa, no Cariri do Estado, Alecsandro Bezerra, do&hellip; <\/p>\n","protected":false},"author":6,"featured_media":289190,"comment_status":"closed","ping_status":"closed","sticky":false,"template":"","format":"standard","meta":{"sfsi_plus_gutenberg_text_before_share":"","sfsi_plus_gutenberg_show_text_before_share":"","sfsi_plus_gutenberg_icon_type":"","sfsi_plus_gutenberg_icon_alignemt":"","sfsi_plus_gutenburg_max_per_row":"","footnotes":""},"categories":[71,50],"tags":[],"class_list":["post-289189","post","type-post","status-publish","format-standard","has-post-thumbnail","hentry","category-camalau","category-destaque"],"_links":{"self":[{"href":"https:\/\/www.caririemacao.com\/1\/wp-json\/wp\/v2\/posts\/289189","targetHints":{"allow":["GET"]}}],"collection":[{"href":"https:\/\/www.caririemacao.com\/1\/wp-json\/wp\/v2\/posts"}],"about":[{"href":"https:\/\/www.caririemacao.com\/1\/wp-json\/wp\/v2\/types\/post"}],"author":[{"embeddable":true,"href":"https:\/\/www.caririemacao.com\/1\/wp-json\/wp\/v2\/users\/6"}],"replies":[{"embeddable":true,"href":"https:\/\/www.caririemacao.com\/1\/wp-json\/wp\/v2\/comments?post=289189"}],"version-history":[{"count":1,"href":"https:\/\/www.caririemacao.com\/1\/wp-json\/wp\/v2\/posts\/289189\/revisions"}],"predecessor-version":[{"id":289191,"href":"https:\/\/www.caririemacao.com\/1\/wp-json\/wp\/v2\/posts\/289189\/revisions\/289191"}],"wp:featuredmedia":[{"embeddable":true,"href":"https:\/\/www.caririemacao.com\/1\/wp-json\/wp\/v2\/media\/289190"}],"wp:attachment":[{"href":"https:\/\/www.caririemacao.com\/1\/wp-json\/wp\/v2\/media?parent=289189"}],"wp:term":[{"taxonomy":"category","embeddable":true,"href":"https:\/\/www.caririemacao.com\/1\/wp-json\/wp\/v2\/categories?post=289189"},{"taxonomy":"post_tag","embeddable":true,"href":"https:\/\/www.caririemacao.com\/1\/wp-json\/wp\/v2\/tags?post=289189"}],"curies":[{"name":"wp","href":"https:\/\/api.w.org\/{rel}","templated":true}]}}