{"id":289192,"date":"2024-08-12T11:14:27","date_gmt":"2024-08-12T14:14:27","guid":{"rendered":"https:\/\/www.caririemacao.com\/1\/?p=289192"},"modified":"2024-08-12T11:14:42","modified_gmt":"2024-08-12T14:14:42","slug":"coxixola-festival-de-leite-de-cabra-e-finalizado-com-grandes-shows-e-recorde-de-publico","status":"publish","type":"post","link":"https:\/\/www.caririemacao.com\/1\/2024\/08\/12\/coxixola-festival-de-leite-de-cabra-e-finalizado-com-grandes-shows-e-recorde-de-publico\/","title":{"rendered":"Coxixola: Festival de Leite de Cabra \u00e9 finalizado com grandes shows e recorde de p\u00fablico"},"content":{"rendered":"<p>A edi\u00e7\u00e3o 2024 do Festival de Leite de Cabra, realizado na cidade de Coxixola, no Cariri, concluiu com grande sucesso no \u00faltimo domingo (11), batendo um recorde de p\u00fablico. Este ano, o evento apresentou uma nova estrutura que foi amplamente elogiada, oferecendo um espa\u00e7o que recebeu artes\u00e3os de v\u00e1rios estados e turistas.<\/p>\n<p>A programa\u00e7\u00e3o do festival come\u00e7ou na sexta-feira (9) com shows de Z\u00e9 Lezin, Amazan e Marquinho da Serrinha. No s\u00e1bado (10), a festa continuou com apresenta\u00e7\u00f5es de Caninana do Forr\u00f3, Givaldinho do Acordeon, Thiago dos Teclados, Forr\u00f3 Kent, Gente Boa e Forr\u00f3 Novo Som.<\/p>\n<p>O domingo (11) teve uma programa\u00e7\u00e3o especial a partir das 11h da manh\u00e3, com shows de Gabriel Magnata, Z\u00e9 Cl\u00e1udio, Chap\u00e9u de A\u00e7o, Forroz\u00e3o HD e Cavaleiros do Forr\u00f3.<\/p>\n<p>Em entrevista, o prefeito de Coxixola, Nelsinho Honorato, expressou sua satisfa\u00e7\u00e3o com o sucesso do evento e parabenizou a equipe pelo grande trabalho desempenhado.<\/p>\n<p>\u201cEstamos muito felizes com o resultado da 14\u00aa edi\u00e7\u00e3o do Festival de Leite de Cabra. O recorde de p\u00fablico e os elogios \u00e0 nossa nova estrutura s\u00e3o prova do trabalho bem feito e da dedica\u00e7\u00e3o de todos os envolvidos. Agradecemos a presen\u00e7a de todos e o empenho dos nossos artistas e artes\u00e3os. Nosso objetivo sempre foi valorizar a caprinovinocultura e oferecer uma experi\u00eancia inesquec\u00edvel para nossos visitantes. Continuaremos trabalhando para que o festival seja cada vez melhor,\u201d disse.<\/p>\n<p>&nbsp;<\/p>\n<p>Assessoria<\/p>\n","protected":false},"excerpt":{"rendered":"<p>A edi\u00e7\u00e3o 2024 do Festival de Leite de Cabra, realizado na cidade de Coxixola, no Cariri, concluiu com grande sucesso no \u00faltimo domingo (11), batendo&hellip; <\/p>\n","protected":false},"author":6,"featured_media":289193,"comment_status":"closed","ping_status":"closed","sticky":false,"template":"","format":"standard","meta":{"sfsi_plus_gutenberg_text_before_share":"","sfsi_plus_gutenberg_show_text_before_share":"","sfsi_plus_gutenberg_icon_type":"","sfsi_plus_gutenberg_icon_alignemt":"","sfsi_plus_gutenburg_max_per_row":"","footnotes":""},"categories":[75,50],"tags":[],"class_list":["post-289192","post","type-post","status-publish","format-standard","has-post-thumbnail","hentry","category-coxixola","category-destaque"],"_links":{"self":[{"href":"https:\/\/www.caririemacao.com\/1\/wp-json\/wp\/v2\/posts\/289192","targetHints":{"allow":["GET"]}}],"collection":[{"href":"https:\/\/www.caririemacao.com\/1\/wp-json\/wp\/v2\/posts"}],"about":[{"href":"https:\/\/www.caririemacao.com\/1\/wp-json\/wp\/v2\/types\/post"}],"author":[{"embeddable":true,"href":"https:\/\/www.caririemacao.com\/1\/wp-json\/wp\/v2\/users\/6"}],"replies":[{"embeddable":true,"href":"https:\/\/www.caririemacao.com\/1\/wp-json\/wp\/v2\/comments?post=289192"}],"version-history":[{"count":3,"href":"https:\/\/www.caririemacao.com\/1\/wp-json\/wp\/v2\/posts\/289192\/revisions"}],"predecessor-version":[{"id":289196,"href":"https:\/\/www.caririemacao.com\/1\/wp-json\/wp\/v2\/posts\/289192\/revisions\/289196"}],"wp:featuredmedia":[{"embeddable":true,"href":"https:\/\/www.caririemacao.com\/1\/wp-json\/wp\/v2\/media\/289193"}],"wp:attachment":[{"href":"https:\/\/www.caririemacao.com\/1\/wp-json\/wp\/v2\/media?parent=289192"}],"wp:term":[{"taxonomy":"category","embeddable":true,"href":"https:\/\/www.caririemacao.com\/1\/wp-json\/wp\/v2\/categories?post=289192"},{"taxonomy":"post_tag","embeddable":true,"href":"https:\/\/www.caririemacao.com\/1\/wp-json\/wp\/v2\/tags?post=289192"}],"curies":[{"name":"wp","href":"https:\/\/api.w.org\/{rel}","templated":true}]}}