{"id":289197,"date":"2024-08-12T14:42:41","date_gmt":"2024-08-12T17:42:41","guid":{"rendered":"https:\/\/www.caririemacao.com\/1\/?p=289197"},"modified":"2024-08-12T14:42:41","modified_gmt":"2024-08-12T17:42:41","slug":"criminosos-foragidos-do-serrotao-sao-recapturados-apos-assalto-em-boa-vista-e-tiroteio-em-campina-grande","status":"publish","type":"post","link":"https:\/\/www.caririemacao.com\/1\/2024\/08\/12\/criminosos-foragidos-do-serrotao-sao-recapturados-apos-assalto-em-boa-vista-e-tiroteio-em-campina-grande\/","title":{"rendered":"Criminosos foragidos do Serrot\u00e3o s\u00e3o recapturados ap\u00f3s assalto em Boa Vista e tiroteio em Campina Grande"},"content":{"rendered":"<p>Os dois homens foragidos do Pres\u00eddio Serrot\u00e3o, Jos\u00e9 Edson dos Santos Pereira (Edson taxista), de 31 anos, e Edson da Silva Santos (Etinho), de 29 anos, foram recapturados na noite deste s\u00e1bado (10) ap\u00f3s uma s\u00e9rie de eventos que come\u00e7aram em Boa Vista e culminaram em um tiroteio em Campina Grande.<\/p>\n<p>Os criminosos haviam escapado da unidade prisional no dia 9 de julho deste ano. A ocorr\u00eancia teve in\u00edcio quando a dupla assaltou um homem em Boa Vista, onde roubaram um carro, modelo Celta, e outros pertences da v\u00edtima. Em seguida, seguiram para Campina Grande.<\/p>\n<p>Ao chegarem nas proximidades do s\u00edtio Lucas, em Campina Grande, os criminosos foram avistados por policiais que tentaram abord\u00e1-los. Os fugitivos reagiram, efetuando disparos contra uma viatura e iniciando uma troca de tiros com a pol\u00edcia. Durante a persegui\u00e7\u00e3o, os indiv\u00edduos colidiram o autom\u00f3vel contra uma motocicleta nas proximidades de um posto de combust\u00edveis e abandonaram o ve\u00edculo.<\/p>\n<p>Os criminosos tentaram se refugiar em uma zona de mata, mas foram rapidamente cercados pelos policiais da ROTAM. Um dos foragidos foi capturado no local, portando duas armas de fogo e uma arma de press\u00e3o. O segundo acusado foi encontrado pela Cavalaria da PM.<\/p>\n<p>&nbsp;<\/p>\n<p>&nbsp;<\/p>\n<p><em>Com Blog do M\u00e1rcio Rangel<\/em><\/p>\n","protected":false},"excerpt":{"rendered":"<p>Os dois homens foragidos do Pres\u00eddio Serrot\u00e3o, Jos\u00e9 Edson dos Santos Pereira (Edson taxista), de 31 anos, e Edson da Silva Santos (Etinho), de 29&hellip; <\/p>\n","protected":false},"author":6,"featured_media":289198,"comment_status":"closed","ping_status":"closed","sticky":false,"template":"","format":"standard","meta":{"sfsi_plus_gutenberg_text_before_share":"","sfsi_plus_gutenberg_show_text_before_share":"","sfsi_plus_gutenberg_icon_type":"","sfsi_plus_gutenberg_icon_alignemt":"","sfsi_plus_gutenburg_max_per_row":"","footnotes":""},"categories":[106,50],"tags":[],"class_list":["post-289197","post","type-post","status-publish","format-standard","has-post-thumbnail","hentry","category-cariri","category-destaque"],"_links":{"self":[{"href":"https:\/\/www.caririemacao.com\/1\/wp-json\/wp\/v2\/posts\/289197","targetHints":{"allow":["GET"]}}],"collection":[{"href":"https:\/\/www.caririemacao.com\/1\/wp-json\/wp\/v2\/posts"}],"about":[{"href":"https:\/\/www.caririemacao.com\/1\/wp-json\/wp\/v2\/types\/post"}],"author":[{"embeddable":true,"href":"https:\/\/www.caririemacao.com\/1\/wp-json\/wp\/v2\/users\/6"}],"replies":[{"embeddable":true,"href":"https:\/\/www.caririemacao.com\/1\/wp-json\/wp\/v2\/comments?post=289197"}],"version-history":[{"count":1,"href":"https:\/\/www.caririemacao.com\/1\/wp-json\/wp\/v2\/posts\/289197\/revisions"}],"predecessor-version":[{"id":289199,"href":"https:\/\/www.caririemacao.com\/1\/wp-json\/wp\/v2\/posts\/289197\/revisions\/289199"}],"wp:featuredmedia":[{"embeddable":true,"href":"https:\/\/www.caririemacao.com\/1\/wp-json\/wp\/v2\/media\/289198"}],"wp:attachment":[{"href":"https:\/\/www.caririemacao.com\/1\/wp-json\/wp\/v2\/media?parent=289197"}],"wp:term":[{"taxonomy":"category","embeddable":true,"href":"https:\/\/www.caririemacao.com\/1\/wp-json\/wp\/v2\/categories?post=289197"},{"taxonomy":"post_tag","embeddable":true,"href":"https:\/\/www.caririemacao.com\/1\/wp-json\/wp\/v2\/tags?post=289197"}],"curies":[{"name":"wp","href":"https:\/\/api.w.org\/{rel}","templated":true}]}}