{"id":289200,"date":"2024-08-12T17:06:01","date_gmt":"2024-08-12T20:06:01","guid":{"rendered":"https:\/\/www.caririemacao.com\/1\/?p=289200"},"modified":"2024-08-12T17:26:54","modified_gmt":"2024-08-12T20:26:54","slug":"camara-de-sao-joao-do-tigre-anuncia-sessao-para-esta-quinta-feira-dia-15","status":"publish","type":"post","link":"https:\/\/www.caririemacao.com\/1\/2024\/08\/12\/camara-de-sao-joao-do-tigre-anuncia-sessao-para-esta-quinta-feira-dia-15\/","title":{"rendered":"C\u00e2mara de S\u00e3o Jo\u00e3o do Tigre anuncia sess\u00e3o para esta quinta-feira, dia 15"},"content":{"rendered":"<p>A C\u00e2mara de S\u00e3o Jo\u00e3o do Tigre anunciou que a pr\u00f3xima sess\u00e3o no legislativo tigrense ocorrer\u00e1 nesta quinta-feira (15).<\/p>\n<p>Na ocasi\u00e3o, o presidente, vereador Arm\u00f3bio Pereira, aproveitou a oportunidade para convidar os vereadores a participarem da sess\u00e3o, e afirmou que estar\u00e3o sendo discutidas a\u00e7\u00f5es e projetos em benef\u00edcio da popula\u00e7\u00e3o.<\/p>\n<p>\u201cA pr\u00f3xima sess\u00e3o da C\u00e2mara ocorrer\u00e1 nesta quinta-feira. Aproveito para convidar todos os parlamentares a se fazerem presentes, onde estaremos aprovando projetos e discutindo a\u00e7\u00f5es que ser\u00e3o de extrema relev\u00e2ncia para a popula\u00e7\u00e3o de nosso munic\u00edpio,\u201d afirmou Arn\u00f3bio.<\/p>\n<p>A sess\u00e3o ocorre a partir das 09 horas.<\/p>\n<p><img fetchpriority=\"high\" decoding=\"async\" class=\" wp-image-289201 aligncenter\" src=\"https:\/\/www.caririemacao.com\/1\/wp-content\/uploads\/2024\/08\/WhatsApp-Image-2024-08-12-at-15.02.04-1-300x300.jpeg\" alt=\"\" width=\"323\" height=\"323\" srcset=\"https:\/\/www.caririemacao.com\/1\/wp-content\/uploads\/2024\/08\/WhatsApp-Image-2024-08-12-at-15.02.04-1-300x300.jpeg 300w, https:\/\/www.caririemacao.com\/1\/wp-content\/uploads\/2024\/08\/WhatsApp-Image-2024-08-12-at-15.02.04-1-150x150.jpeg 150w, https:\/\/www.caririemacao.com\/1\/wp-content\/uploads\/2024\/08\/WhatsApp-Image-2024-08-12-at-15.02.04-1-768x768.jpeg 768w, https:\/\/www.caririemacao.com\/1\/wp-content\/uploads\/2024\/08\/WhatsApp-Image-2024-08-12-at-15.02.04-1.jpeg 1080w\" sizes=\"(max-width: 323px) 100vw, 323px\" \/><\/p>\n<p>&nbsp;<\/p>\n<p><strong>CARIRI EM A\u00c7\u00c3O<\/strong><\/p>\n","protected":false},"excerpt":{"rendered":"<p>A C\u00e2mara de S\u00e3o Jo\u00e3o do Tigre anunciou que a pr\u00f3xima sess\u00e3o no legislativo tigrense ocorrer\u00e1 nesta quinta-feira (15). Na ocasi\u00e3o, o presidente, vereador Arm\u00f3bio&hellip; <\/p>\n","protected":false},"author":6,"featured_media":289210,"comment_status":"closed","ping_status":"closed","sticky":false,"template":"","format":"standard","meta":{"sfsi_plus_gutenberg_text_before_share":"","sfsi_plus_gutenberg_show_text_before_share":"","sfsi_plus_gutenberg_icon_type":"","sfsi_plus_gutenberg_icon_alignemt":"","sfsi_plus_gutenburg_max_per_row":"","footnotes":""},"categories":[50,89],"tags":[],"class_list":["post-289200","post","type-post","status-publish","format-standard","has-post-thumbnail","hentry","category-destaque","category-sao-joao-do-tigre"],"_links":{"self":[{"href":"https:\/\/www.caririemacao.com\/1\/wp-json\/wp\/v2\/posts\/289200","targetHints":{"allow":["GET"]}}],"collection":[{"href":"https:\/\/www.caririemacao.com\/1\/wp-json\/wp\/v2\/posts"}],"about":[{"href":"https:\/\/www.caririemacao.com\/1\/wp-json\/wp\/v2\/types\/post"}],"author":[{"embeddable":true,"href":"https:\/\/www.caririemacao.com\/1\/wp-json\/wp\/v2\/users\/6"}],"replies":[{"embeddable":true,"href":"https:\/\/www.caririemacao.com\/1\/wp-json\/wp\/v2\/comments?post=289200"}],"version-history":[{"count":4,"href":"https:\/\/www.caririemacao.com\/1\/wp-json\/wp\/v2\/posts\/289200\/revisions"}],"predecessor-version":[{"id":289209,"href":"https:\/\/www.caririemacao.com\/1\/wp-json\/wp\/v2\/posts\/289200\/revisions\/289209"}],"wp:featuredmedia":[{"embeddable":true,"href":"https:\/\/www.caririemacao.com\/1\/wp-json\/wp\/v2\/media\/289210"}],"wp:attachment":[{"href":"https:\/\/www.caririemacao.com\/1\/wp-json\/wp\/v2\/media?parent=289200"}],"wp:term":[{"taxonomy":"category","embeddable":true,"href":"https:\/\/www.caririemacao.com\/1\/wp-json\/wp\/v2\/categories?post=289200"},{"taxonomy":"post_tag","embeddable":true,"href":"https:\/\/www.caririemacao.com\/1\/wp-json\/wp\/v2\/tags?post=289200"}],"curies":[{"name":"wp","href":"https:\/\/api.w.org\/{rel}","templated":true}]}}